{"id":8555,"date":"2026-03-11T20:54:53","date_gmt":"2026-03-11T20:54:53","guid":{"rendered":"https:\/\/www.coalition-publi.ca\/?p=8555"},"modified":"2026-03-11T21:15:26","modified_gmt":"2026-03-11T21:15:26","slug":"nouveau-site-web","status":"publish","type":"post","link":"https:\/\/www.coalition-publi.ca\/fr\/nouveau-site-web\/","title":{"rendered":"Rassembler la communaut\u00e9 et promouvoir le libre acc\u00e8s : le nouveau site web de Coalition Publica"},"content":{"rendered":"\n<p><strong>Forte d\u2019une reconnaissance internationale de plus en plus \u00e9tablie, Coalition Publica, le partenariat entre \u00c9rudit et le Public Knowledge Project (PKP), lance son nouveau site web et une identit\u00e9 visuelle renouvel\u00e9e. Ces \u00e9volutions refl\u00e8tent notre croissance et soutiendront notre mission de renforcer la diffusion de la recherche et l&#8217;\u00e9dition savante num\u00e9rique canadienne pour les ann\u00e9es \u00e0 venir.<\/strong><\/p>\n\n\n\n<div style=\"height:33px\" aria-hidden=\"true\" class=\"wp-block-spacer\"><\/div>\n\n\n\n<h2 class=\"wp-block-heading\">Un nouveau site web pour mettre en valeur la communaut\u00e9 du libre acc\u00e8s diamant au Canada<\/h2>\n\n\n\n<p>Au d\u00e9but de l&#8217;ann\u00e9e 2025, l&#8217;\u00e9quipe de Coalition Publica a entrepris un projet d&#8217;envergure de refonte de notre site web afin de refl\u00e9ter la maturit\u00e9 de Coalition Publica et la place centrale qu&#8217;elle occupe dans l\u2019environnement de la communication savante canadienne. En tant qu&#8217;infrastructure nationale de recherche qui soutient le libre acc\u00e8s diamant au Canada, nous travaillons en \u00e9troite collaboration avec des biblioth\u00e8ques, des revues et des organismes de recherche \u00e0 travers le Canada et \u00e0 l&#8217;\u00e9chelle internationale.<\/p>\n\n\n\n<p>D\u00e8s le d\u00e9but du projet, nous avons voulu profiter de l&#8217;occasion pour mettre en avant le travail que nous accomplissons avec notre formidable communaut\u00e9 et les multiples collaborations qui soutiennent nos actions. Le nouveau site web met ce r\u00e9seau de partenaires au premier plan. Notre page <a href=\"https:\/\/www.coalition-publi.ca\/fr\/communaute\/\">Communaut\u00e9<\/a> met en avant les collaborations avec les biblioth\u00e8ques universitaires ainsi qu&#8217;avec nos partenaires nationaux et internationaux, et pr\u00e9sente notre structure de gouvernance.<\/p>\n\n\n\n<p>Notre <a href=\"https:\/\/www.coalition-publi.ca\/fr\/actualites-et-evenements\/\">nouveau blogue<\/a> rassemble tous nos \u00e9v\u00e9nements, webinaires, annonces, offres de bourses d&#8217;\u00e9tudes et efforts de sensibilisation. Sa fonctionnalit\u00e9 de recherche permet de voir une image compl\u00e8te de l&#8217;\u00e9tendue des activit\u00e9s de Coalition Publica. En mettant ces \u00e9l\u00e9ments au premier plan, nous esp\u00e9rons d\u00e9montrer ce qui, selon les mots de l&#8217;un de nos partenaires, \u00ab devient possible lorsque les biblioth\u00e8ques, les revues et les fournisseurs d&#8217;infrastructures s&#8217;unissent autour d&#8217;un engagement commun en faveur de l&#8217;\u00e9quit\u00e9 dans l&#8217;\u00e9dition scientifique \u00bb. D\u2019ailleurs, nous remercions sinc\u00e8rement tous nos partenaires pour leurs aimables mots de soutien.<\/p>\n\n\n\n<p>Nous sommes fiers de pr\u00e9senter davantage ce que nous faisons avec notre communaut\u00e9 dans notre nouvelle page <a href=\"https:\/\/www.coalition-publi.ca\/fr\/ressources\/\">Ressources<\/a>, qui a \u00e9t\u00e9 cr\u00e9\u00e9e, con\u00e7ue et maintenue en collaboration avec l\u2019\u00c9quipe d&#8217;engagement de la communaut\u00e9 de l&#8217;\u00e9dition en biblioth\u00e8ques. Cette page continuera de s&#8217;enrichir gr\u00e2ce aux contributions de tous nos collaborateurs et collaboratrices.<\/p>\n\n\n\n<div style=\"height:33px\" aria-hidden=\"true\" class=\"wp-block-spacer\"><\/div>\n\n\n\n<h2 class=\"wp-block-heading\">Mieux expliquer ce qu\u2019est Coalition Publica<\/h2>\n\n\n\n<div class=\"wp-block-columns are-vertically-aligned-center is-layout-flex wp-container-core-columns-is-layout-9d6595d7 wp-block-columns-is-layout-flex\">\n<div class=\"wp-block-column is-vertically-aligned-center is-layout-flow wp-block-column-is-layout-flow\">\n<p>Au cours du projet de refonte du site, notre communaut\u00e9 nous a fait savoir qu&#8217;il \u00e9tait difficile d&#8217;expliquer ce qu&#8217;est Coalition Publica. Il s&#8217;agit d&#8217;un projet d&#8217;envergure, ce qui n&#8217;est donc pas surprenant ! Nous avons pris cette remarque \u00e0 c\u0153ur et avons pris le temps de clarifier les informations pour diff\u00e9rents publics afin qu&#8217;ils trouvent plus facilement les informations dont ils ont besoin, qu&#8217;il s&#8217;agisse d\u2019\u00e9quipes de <a href=\"https:\/\/www.coalition-publi.ca\/fr\/pour-les-revues\/\">revues<\/a> \u00e0 la recherche d&#8217;informations sur les services que nous fournissons, de <a href=\"https:\/\/www.coalition-publi.ca\/fr\/pour-les-bibliotheques\/\">biblioth\u00e9caires<\/a> envisageant la mise en place d\u2019un programme d\u2019\u00e9dition ou de <a href=\"https:\/\/www.coalition-publi.ca\/fr\/pour-la-recherche\/\">chercheurs et chercheuses<\/a> souhaitant acc\u00e9der \u00e0 nos ensembles de donn\u00e9es.<\/p>\n<\/div>\n\n\n\n<div class=\"wp-block-column is-vertically-aligned-center is-layout-flow wp-block-column-is-layout-flow\">\n<figure class=\"wp-block-image size-large\"><img loading=\"lazy\" decoding=\"async\" width=\"1024\" height=\"1024\" src=\"https:\/\/www.coalition-publi.ca\/wp-content\/uploads\/2026\/03\/CP_Porte-loupe-1024x1024.jpg\" alt=\"\" class=\"wp-image-8558\" srcset=\"https:\/\/www.coalition-publi.ca\/wp-content\/uploads\/2026\/03\/CP_Porte-loupe-1024x1024.jpg 1024w, https:\/\/www.coalition-publi.ca\/wp-content\/uploads\/2026\/03\/CP_Porte-loupe-300x300.jpg 300w, https:\/\/www.coalition-publi.ca\/wp-content\/uploads\/2026\/03\/CP_Porte-loupe-150x150.jpg 150w, https:\/\/www.coalition-publi.ca\/wp-content\/uploads\/2026\/03\/CP_Porte-loupe-768x768.jpg 768w, https:\/\/www.coalition-publi.ca\/wp-content\/uploads\/2026\/03\/CP_Porte-loupe-1536x1536.jpg 1536w, https:\/\/www.coalition-publi.ca\/wp-content\/uploads\/2026\/03\/CP_Porte-loupe-2048x2048.jpg 2048w\" sizes=\"auto, (max-width: 1024px) 100vw, 1024px\" \/><\/figure>\n<\/div>\n<\/div>\n\n\n\n<div style=\"height:33px\" aria-hidden=\"true\" class=\"wp-block-spacer\"><\/div>\n\n\n\n<h2 class=\"wp-block-heading\">Une plateforme bilingue et plus accessible<\/h2>\n\n\n\n<p>Au-del\u00e0 d&#8217;une mise \u00e0 jour sur la mani\u00e8re dont nous pr\u00e9sentons nos activit\u00e9s, nous avons veill\u00e9 \u00e0 ce que notre site soit navigable dans les deux langues officielles au niveau de chaque page, en coh\u00e9rence avec les sites web de nombreux partenaires et bailleurs de fonds nationaux.L&#8217;am\u00e9lioration de l&#8217;accessibilit\u00e9 \u00e9tait une autre priorit\u00e9 importante.<\/p>\n\n\n\n<p>Le nouveau site web a \u00e9t\u00e9 d\u00e9velopp\u00e9 conform\u00e9ment aux normes modernes d&#8217;accessibilit\u00e9 du web afin de garantir sa facilit\u00e9 d\u2019utilisation par un large public. Vous pouvez en savoir plus sur le travail que nous avons accompli \u2013 et celui qui reste \u00e0 faire \u2013 en consultant <a href=\"https:\/\/www.coalition-publi.ca\/fr\/enonce\/enonce-daccessibilite\/\">notre \u00e9nonc\u00e9 d&#8217;accessibilit\u00e9<\/a>.<\/p>\n\n\n\n<div style=\"height:33px\" aria-hidden=\"true\" class=\"wp-block-spacer\"><\/div>\n\n\n\n<h2 class=\"wp-block-heading\">Une identit\u00e9 visuelle \u00e0 notre image<\/h2>\n\n\n\n<div class=\"wp-block-columns are-vertically-aligned-center is-layout-flex wp-container-core-columns-is-layout-9d6595d7 wp-block-columns-is-layout-flex\">\n<div class=\"wp-block-column is-vertically-aligned-center is-layout-flow wp-block-column-is-layout-flow\">\n<p>Parall\u00e8lement au nouveau site web, Coalition Publica a adopt\u00e9 une nouvelle identit\u00e9 visuelle repr\u00e9sentative du chemin parcouru depuis nos d\u00e9buts et de la communaut\u00e9 que nous desservons.<\/p>\n\n\n\n<p>Les illustrations pr\u00e9sentes sur l&#8217;ensemble du site rassemblent des \u00e9l\u00e9ments visuels qui \u00e9voquent notre infrastructure, qui allie le logiciel Open Journal Systems de PKP \u00e0 la plateforme erudit.org, notre engagement envers le libre acc\u00e8s diamant, une porte ouverte sur la recherche et la communaut\u00e9 canadienne de l&#8217;\u00e9dition savante.<\/p>\n\n\n\n<p>Le symbole des crochets pr\u00e9sent dans notre logo appara\u00eet \u00e0 plusieurs endroits sur le site et rappelle ainsi notre r\u00f4le dans le soutien de la diffusion de la recherche canadienne. Une palette de couleurs \u00e9largie nous permet de mieux refl\u00e9ter la multiplicit\u00e9 de nos initiatives.<\/p>\n<\/div>\n\n\n\n<div class=\"wp-block-column is-vertically-aligned-center is-layout-flow wp-block-column-is-layout-flow\">\n<div style=\"height:42px\" aria-hidden=\"true\" class=\"wp-block-spacer\"><\/div>\n\n\n<div class=\"wp-block-image\">\n<figure class=\"aligncenter size-full\"><img decoding=\"async\" src=\"https:\/\/www.coalition-publi.ca\/wp-content\/uploads\/2025\/10\/CP_Community-infrastructure.svg\" alt=\"\" class=\"wp-image-5989\"\/><\/figure>\n<\/div><\/div>\n<\/div>\n\n\n\n<div style=\"height:33px\" aria-hidden=\"true\" class=\"wp-block-spacer\"><\/div>\n\n\n\n<h2 class=\"wp-block-heading\">Un travail d&#8217;\u00e9quipe<\/h2>\n\n\n\n<p>Notre nouveau site web ne se r\u00e9sume pas \u00e0 une simple refonte graphique, mais il incarne l&#8217;esprit de collaboration qui nous d\u00e9finit. Coalition Publica repose sur l&#8217;id\u00e9e que le renforcement de l&#8217;infrastructure de la publication savante n\u00e9cessite le partage des comp\u00e9tences et des ressources pour l\u2019atteinte d\u2019objectifs communs. Le nouveau site web refl\u00e8te cette philosophie.<\/p>\n\n\n\n<p>Au c\u0153ur de Coalition Publica se trouve un partenariat entre deux organisations de premier plan dans le domaine de la communication savante : \u00c9rudit et le Public Knowledge Project. Ce site web, comme tout ce que nous faisons ensemble, est le fruit d&#8217;un travail d&#8217;\u00e9quipe.<\/p>\n\n\n\n<p>Cependant, Coalition Publica ne fonctionne pas de mani\u00e8re isol\u00e9e, mais travaille en \u00e9troite collaboration avec les personnes qui cr\u00e9ent, g\u00e8rent et utilisent la recherche universitaire. Ainsi, le site web repr\u00e9sente les voix et les besoins d&#8217;une communaut\u00e9 universitaire beaucoup plus large.<\/p>\n\n\n\n<p>En fin de compte, le nouveau site web de Coalition Publica est plus qu&#8217;une simple source d&#8217;information. Il refl\u00e8te une vision collective de l&#8217;avenir de l&#8217;\u00e9dition savante, qui privil\u00e9gie l&#8217;ouverture, l&#8217;accessibilit\u00e9 et la collaboration.<\/p>\n\n\n\n<p>De cette mani\u00e8re, notre site web incarne le principe qui nous d\u00e9finit : des progr\u00e8s significatifs pour l\u2019avancement de la communication savante sont possibles lorsque les organisations et les communaut\u00e9s travaillent ensemble.<\/p>\n\n\n\n<p><strong>Teresa Lee<\/strong>, <a href=\"https:\/\/pkp.sfu.ca\/2026\/01\/30\/pkp-welcomes-teresa-lee-managing-director\/\" target=\"_blank\" rel=\"noreferrer noopener\">nouvelle directrice g\u00e9n\u00e9rale de PKP<\/a> et codirectrice de Coalition Publica, souligne l\u2019effort collectif qui soutient Coalition Publica et son nouveau site web :<\/p>\n\n\n\n<div class=\"wp-block-columns are-vertically-aligned-center is-layout-flex wp-container-core-columns-is-layout-9d6595d7 wp-block-columns-is-layout-flex\">\n<div class=\"wp-block-column is-vertically-aligned-center is-layout-flow wp-block-column-is-layout-flow\" style=\"flex-basis:33.33%\">\n<figure class=\"wp-block-image size-large\"><img loading=\"lazy\" decoding=\"async\" width=\"458\" height=\"458\" src=\"https:\/\/www.coalition-publi.ca\/wp-content\/uploads\/2026\/03\/Teresa-Lee-1312x600-2-edited.png\" alt=\"Photo de Teresa Lee\" class=\"wp-image-8566\" srcset=\"https:\/\/www.coalition-publi.ca\/wp-content\/uploads\/2026\/03\/Teresa-Lee-1312x600-2-edited.png 458w, https:\/\/www.coalition-publi.ca\/wp-content\/uploads\/2026\/03\/Teresa-Lee-1312x600-2-edited-300x300.png 300w, https:\/\/www.coalition-publi.ca\/wp-content\/uploads\/2026\/03\/Teresa-Lee-1312x600-2-edited-150x150.png 150w\" sizes=\"auto, (max-width: 458px) 100vw, 458px\" \/><\/figure>\n<\/div>\n\n\n\n<div class=\"wp-block-column is-vertically-aligned-center is-layout-flow wp-block-column-is-layout-flow\" style=\"flex-basis:66.66%\">\n<blockquote class=\"wp-block-quote is-layout-flow wp-block-quote-is-layout-flow\">\n<p>\u00ab Coalition Publica d\u00e9montre ce qu&#8217;il est possible de r\u00e9aliser lorsque des partenaires et des communaut\u00e9s s&#8217;unissent afin de rendre la production et le partage des connaissances plus \u00e9quitables. De notre travail avec des partenaires canadiens \u00e0 nos collaborations internationales en faveur du multilinguisme, de l&#8217;interop\u00e9rabilit\u00e9 et de la bibliodiversit\u00e9, le nouveau site web raconte l&#8217;histoire d&#8217;un mouvement en pleine expansion, qui positionne le Canada comme un leader mondial en mati\u00e8re de libre acc\u00e8s durable dirig\u00e9 par des universitaires. \u00bb<\/p>\n<\/blockquote>\n<\/div>\n<\/div>\n\n\n\n<div class=\"wp-block-group has-border-color has-cyan-bluish-gray-border-color\" style=\"border-width:2px;padding-top:var(--wp--preset--spacing--30);padding-right:var(--wp--preset--spacing--70);padding-bottom:var(--wp--preset--spacing--30);padding-left:var(--wp--preset--spacing--70)\"><div class=\"wp-block-group__inner-container is-layout-constrained wp-container-core-group-is-layout-49c3e8e3 wp-block-group-is-layout-constrained\">\n<figure class=\"wp-block-table aligncenter is-style-regular\"><table class=\"has-fixed-layout\" style=\"border-style:none;border-width:0px\"><tbody><tr><td class=\"has-text-align-center\" data-align=\"center\">L&#8217;\u00e9quipe de Coalition Publica tient \u00e0 remercier toutes les personnes qui ont contribu\u00e9 \u00e0 l&#8217;\u00e9laboration du site web, notamment nos coll\u00e8gues de PKP et d&#8217;\u00c9rudit, les membres de l&#8217;\u00e9quipe d&#8217;engagement communautaire de l&#8217;Association des biblioth\u00e8ques de recherche du Canada (ABRC) et les nombreux partenaires dont les id\u00e9es ont contribu\u00e9 \u00e0 fa\u00e7onner le projet.<br><br>Pour en savoir plus sur l&#8217;\u00e9quipe derri\u00e8re Coalition Publica,<a href=\"https:\/\/www.coalition-publi.ca\/fr\/a-propos\/\"> nous vous invitons \u00e0 consulter notre page <span style=\"text-decoration: underline;\">\u00c0 propos.<\/span><\/a><\/td><\/tr><\/tbody><\/table><\/figure>\n<\/div><\/div>\n\n\n\n<div style=\"height:33px\" aria-hidden=\"true\" class=\"wp-block-spacer\"><\/div>\n\n\n\n<h2 class=\"wp-block-heading\">Perspectives d&#8217;avenir<\/h2>\n\n\n\n<p>Alors que le mouvement mondial en faveur du libre acc\u00e8s continue d&#8217;\u00e9voluer, Coalition Publica reste d\u00e9termin\u00e9e \u00e0 renforcer les infrastructures ouvertes et les mod\u00e8les de financement \u00e9quitables. Affirm\u00e9 dans notre <a href=\"https:\/\/www.coalition-publi.ca\/fr\/enonce\/enonce-sur-le-libre-acces-diamant\/\">\u00c9nonc\u00e9 pour le libre acc\u00e8s diamant<\/a>, ce mode de diffusion repr\u00e9sente pour nous la meilleure voie pour r\u00e9aliser les objectifs du mouvement pour le libre acc\u00e8s et pour r\u00e9affirmer le r\u00f4le de la recherche comme bien commun.<\/p>\n\n\n\n<p>Nous sommes impatients de faire avancer cette vision en avril \u00e0 l\u2019occasion de notre \u00e9v\u00e9nement national <a href=\"https:\/\/www.coalition-publi.ca\/fr\/vers-lhorizon-diamant\/\"><em>Vers l\u2019horizon diamant<\/em><\/a>, au cours duquel nous travaillerons avec la communaut\u00e9 \u00e0 l\u2019\u00e9laboration d\u2019une vision commune pour la publication en libre acc\u00e8s diamant au Canada.<\/p>\n\n\n\n<p>Le nouveau site web de Coalition Publica contribuera \u00e0 faire avancer ces discussions en servant de plateforme o\u00f9 la communaut\u00e9 pourra acc\u00e9der aux derni\u00e8res informations, aux ressources et aux r\u00e9sultats des \u00e9v\u00e9nements importants.<\/p>\n\n\n\n<p>R\u00e9fl\u00e9chissant \u00e0 l&#8217;avenir de l&#8217;initiative, <strong>Tanja Niemann<\/strong>, directrice g\u00e9n\u00e9rale d&#8217;\u00c9rudit, souligne l&#8217;importance de poursuivre la collaboration :<\/p>\n\n\n\n<div class=\"wp-block-columns is-layout-flex wp-container-core-columns-is-layout-9d6595d7 wp-block-columns-is-layout-flex\">\n<div class=\"wp-block-column is-vertically-aligned-center is-layout-flow wp-block-column-is-layout-flow\" style=\"flex-basis:33.33%\">\n<figure class=\"wp-block-image size-large\"><img loading=\"lazy\" decoding=\"async\" width=\"600\" height=\"600\" src=\"https:\/\/www.coalition-publi.ca\/wp-content\/uploads\/2026\/03\/Tanja-Niemann-edited.png\" alt=\"Photo of Tanja Niemann\" class=\"wp-image-8567\" srcset=\"https:\/\/www.coalition-publi.ca\/wp-content\/uploads\/2026\/03\/Tanja-Niemann-edited.png 600w, https:\/\/www.coalition-publi.ca\/wp-content\/uploads\/2026\/03\/Tanja-Niemann-edited-300x300.png 300w, https:\/\/www.coalition-publi.ca\/wp-content\/uploads\/2026\/03\/Tanja-Niemann-edited-150x150.png 150w\" sizes=\"auto, (max-width: 600px) 100vw, 600px\" \/><\/figure>\n<\/div>\n\n\n\n<div class=\"wp-block-column is-layout-flow wp-block-column-is-layout-flow\" style=\"flex-basis:66.66%\">\n<blockquote class=\"wp-block-quote is-layout-flow wp-block-quote-is-layout-flow\">\n<p>\u00ab Je suis fi\u00e8re de constater que Coalition Publica a su rassembler une vaste communaut\u00e9 autour de sa mission. Dans les prochaines ann\u00e9es, nous renforcerons nos collaborations notamment avec les biblioth\u00e8ques universitaires, pour que le Canada maintienne sa position de v\u00e9ritable chef de file mondial du libre acc\u00e8s diamant. \u00bb<\/p>\n<\/blockquote>\n<\/div>\n<\/div>\n\n\n\n<div style=\"height:33px\" aria-hidden=\"true\" class=\"wp-block-spacer\"><\/div>\n\n\n\n<hr class=\"wp-block-separator has-alpha-channel-opacity\"\/>\n\n\n\n<div style=\"height:33px\" aria-hidden=\"true\" class=\"wp-block-spacer\"><\/div>\n\n\n\n<h2 class=\"wp-block-heading\">Gardons contact!<\/h2>\n\n\n\n<p>Inscrivez-vous \u00e0 l\u2019<a href=\"http:\/\/eepurl.com\/gMTKJj\">infolettre mensuelle d\u2019\u00c9rudit<\/a> et \u00e0 l\u2019<a href=\"https:\/\/lists.publicknowledgeproject.org\/subscription\/form\">infolettre Archipelago de PKP<\/a> afin d\u2019en savoir plus sur Coalition Publica et nos activit\u00e9s \u00e0 venir!<\/p>\n\n\n\n<p>Vous pouvez aussi nous suivre sur les r\u00e9seaux sociaux de PKP (<a href=\"https:\/\/www.linkedin.com\/company\/public-knowledge-project\/\">LinkedIn<\/a>, <a href=\"https:\/\/bsky.app\/profile\/pkp.sfu.ca\">Bluesky<\/a>,&nbsp;<a href=\"https:\/\/www.facebook.com\/publicknowledgeproject\">Facebook<\/a> et <a href=\"https:\/\/mastodon.social\/@PublicKnowledgeProject\">Mastodon<\/a>) et d\u2019\u00c9rudit (<a href=\"https:\/\/www.linkedin.com\/company\/3628951\/\">LinkedIn<\/a>, <a href=\"https:\/\/bsky.app\/profile\/erudit.org\">Bluesky<\/a>, <a href=\"https:\/\/www.facebook.com\/erudit.org\">Facebook<\/a> et <a href=\"https:\/\/www.instagram.com\/eruditorg\/\">Instagram<\/a>).<\/p>\n","protected":false},"excerpt":{"rendered":"<p>Forte d\u2019une reconnaissance internationale de plus en plus \u00e9tablie, Coalition Publica lance son nouveau site web et une identit\u00e9 visuelle renouvel\u00e9e. Ces \u00e9volutions refl\u00e8tent notre croissance et soutiendront notre mission pour les ann\u00e9es \u00e0 venir.<\/p>\n","protected":false},"author":4,"featured_media":8556,"comment_status":"closed","ping_status":"closed","sticky":false,"template":"","format":"standard","meta":{"_acf_changed":false,"footnotes":""},"categories":[40],"tags":[],"class_list":["post-8555","post","type-post","status-publish","format-standard","has-post-thumbnail","hentry","category-annonces"],"acf":[],"yoast_head":"<!-- This site is optimized with the Yoast SEO plugin v26.9 - https:\/\/yoast.com\/product\/yoast-seo-wordpress\/ -->\n<title>Rassembler la communaut\u00e9 et promouvoir le libre acc\u00e8s : le nouveau site web de Coalition Publica - Coalition publica<\/title>\n<meta name=\"description\" content=\"Coalition Publica lance son nouveau site web et une identit\u00e9 visuelle renouvel\u00e9e qui refl\u00e8tent notre croissance et soutiendront notre mission pour les ann\u00e9es \u00e0 venir.\" \/>\n<meta name=\"robots\" content=\"index, follow, max-snippet:-1, max-image-preview:large, max-video-preview:-1\" \/>\n<link rel=\"canonical\" href=\"https:\/\/www.coalition-publi.ca\/fr\/nouveau-site-web\/\" \/>\n<meta property=\"og:locale\" content=\"fr_FR\" \/>\n<meta property=\"og:type\" content=\"article\" \/>\n<meta property=\"og:title\" content=\"Rassembler la communaut\u00e9 et promouvoir le libre acc\u00e8s : le nouveau site web de Coalition Publica\" \/>\n<meta property=\"og:description\" content=\"Coalition Publica lance son nouveau site web et une identit\u00e9 visuelle renouvel\u00e9e qui refl\u00e8tent notre croissance et soutiendront notre mission pour les ann\u00e9es \u00e0 venir.\" \/>\n<meta property=\"og:url\" content=\"https:\/\/www.coalition-publi.ca\/fr\/nouveau-site-web\/\" \/>\n<meta property=\"og:site_name\" content=\"Coalition publica\" \/>\n<meta property=\"article:published_time\" content=\"2026-03-11T20:54:53+00:00\" \/>\n<meta property=\"article:modified_time\" content=\"2026-03-11T21:15:26+00:00\" \/>\n<meta property=\"og:image\" content=\"https:\/\/www.coalition-publi.ca\/wp-content\/uploads\/2026\/03\/CP_whats-new_2026_blog-scaled.jpg\" \/>\n\t<meta property=\"og:image:width\" content=\"2560\" \/>\n\t<meta property=\"og:image:height\" content=\"1707\" \/>\n\t<meta property=\"og:image:type\" content=\"image\/jpeg\" \/>\n<meta name=\"author\" content=\"Catherine C\u00f4t\u00e9-Cyr\" \/>\n<meta name=\"twitter:card\" content=\"summary_large_image\" \/>\n<meta name=\"twitter:label1\" content=\"\u00c9crit par\" \/>\n\t<meta name=\"twitter:data1\" content=\"Catherine C\u00f4t\u00e9-Cyr\" \/>\n\t<meta name=\"twitter:label2\" content=\"Dur\u00e9e de lecture estim\u00e9e\" \/>\n\t<meta name=\"twitter:data2\" content=\"8 minutes\" \/>\n<script type=\"application\/ld+json\" class=\"yoast-schema-graph\">{\"@context\":\"https:\/\/schema.org\",\"@graph\":[{\"@type\":\"Article\",\"@id\":\"https:\/\/www.coalition-publi.ca\/fr\/nouveau-site-web\/#article\",\"isPartOf\":{\"@id\":\"https:\/\/www.coalition-publi.ca\/fr\/nouveau-site-web\/\"},\"author\":{\"name\":\"Catherine C\u00f4t\u00e9-Cyr\",\"@id\":\"https:\/\/www.coalition-publi.ca\/fr\/#\/schema\/person\/739a7a4d400d03997ab9bb26cab7c840\"},\"headline\":\"Rassembler la communaut\u00e9 et promouvoir le libre acc\u00e8s : le nouveau site web de Coalition Publica\",\"datePublished\":\"2026-03-11T20:54:53+00:00\",\"dateModified\":\"2026-03-11T21:15:26+00:00\",\"mainEntityOfPage\":{\"@id\":\"https:\/\/www.coalition-publi.ca\/fr\/nouveau-site-web\/\"},\"wordCount\":1526,\"publisher\":{\"@id\":\"https:\/\/www.coalition-publi.ca\/fr\/#organization\"},\"image\":{\"@id\":\"https:\/\/www.coalition-publi.ca\/fr\/nouveau-site-web\/#primaryimage\"},\"thumbnailUrl\":\"https:\/\/www.coalition-publi.ca\/wp-content\/uploads\/2026\/03\/CP_whats-new_2026_blog-scaled.jpg\",\"articleSection\":[\"Annonces\"],\"inLanguage\":\"fr-FR\"},{\"@type\":\"WebPage\",\"@id\":\"https:\/\/www.coalition-publi.ca\/fr\/nouveau-site-web\/\",\"url\":\"https:\/\/www.coalition-publi.ca\/fr\/nouveau-site-web\/\",\"name\":\"Rassembler la communaut\u00e9 et promouvoir le libre acc\u00e8s : le nouveau site web de Coalition Publica - Coalition publica\",\"isPartOf\":{\"@id\":\"https:\/\/www.coalition-publi.ca\/fr\/#website\"},\"primaryImageOfPage\":{\"@id\":\"https:\/\/www.coalition-publi.ca\/fr\/nouveau-site-web\/#primaryimage\"},\"image\":{\"@id\":\"https:\/\/www.coalition-publi.ca\/fr\/nouveau-site-web\/#primaryimage\"},\"thumbnailUrl\":\"https:\/\/www.coalition-publi.ca\/wp-content\/uploads\/2026\/03\/CP_whats-new_2026_blog-scaled.jpg\",\"datePublished\":\"2026-03-11T20:54:53+00:00\",\"dateModified\":\"2026-03-11T21:15:26+00:00\",\"description\":\"Coalition Publica lance son nouveau site web et une identit\u00e9 visuelle renouvel\u00e9e qui refl\u00e8tent notre croissance et soutiendront notre mission pour les ann\u00e9es \u00e0 venir.\",\"breadcrumb\":{\"@id\":\"https:\/\/www.coalition-publi.ca\/fr\/nouveau-site-web\/#breadcrumb\"},\"inLanguage\":\"fr-FR\",\"potentialAction\":[{\"@type\":\"ReadAction\",\"target\":[\"https:\/\/www.coalition-publi.ca\/fr\/nouveau-site-web\/\"]}]},{\"@type\":\"ImageObject\",\"inLanguage\":\"fr-FR\",\"@id\":\"https:\/\/www.coalition-publi.ca\/fr\/nouveau-site-web\/#primaryimage\",\"url\":\"https:\/\/www.coalition-publi.ca\/wp-content\/uploads\/2026\/03\/CP_whats-new_2026_blog-scaled.jpg\",\"contentUrl\":\"https:\/\/www.coalition-publi.ca\/wp-content\/uploads\/2026\/03\/CP_whats-new_2026_blog-scaled.jpg\",\"width\":2560,\"height\":1707},{\"@type\":\"BreadcrumbList\",\"@id\":\"https:\/\/www.coalition-publi.ca\/fr\/nouveau-site-web\/#breadcrumb\",\"itemListElement\":[{\"@type\":\"ListItem\",\"position\":1,\"name\":\"Accueil\",\"item\":\"https:\/\/www.coalition-publi.ca\/fr\/\"},{\"@type\":\"ListItem\",\"position\":2,\"name\":\"Rassembler la communaut\u00e9 et promouvoir le libre acc\u00e8s : le nouveau site web de Coalition Publica\"}]},{\"@type\":\"WebSite\",\"@id\":\"https:\/\/www.coalition-publi.ca\/fr\/#website\",\"url\":\"https:\/\/www.coalition-publi.ca\/fr\/\",\"name\":\"Coalition publica\",\"description\":\"Coalition publica\",\"publisher\":{\"@id\":\"https:\/\/www.coalition-publi.ca\/fr\/#organization\"},\"potentialAction\":[{\"@type\":\"SearchAction\",\"target\":{\"@type\":\"EntryPoint\",\"urlTemplate\":\"https:\/\/www.coalition-publi.ca\/fr\/?s={search_term_string}\"},\"query-input\":{\"@type\":\"PropertyValueSpecification\",\"valueRequired\":true,\"valueName\":\"search_term_string\"}}],\"inLanguage\":\"fr-FR\"},{\"@type\":\"Organization\",\"@id\":\"https:\/\/www.coalition-publi.ca\/fr\/#organization\",\"name\":\"Coalition publica\",\"url\":\"https:\/\/www.coalition-publi.ca\/fr\/\",\"logo\":{\"@type\":\"ImageObject\",\"inLanguage\":\"fr-FR\",\"@id\":\"https:\/\/www.coalition-publi.ca\/fr\/#\/schema\/logo\/image\/\",\"url\":\"https:\/\/www.coalition-publi.ca\/wp-content\/uploads\/2025\/10\/partage.png\",\"contentUrl\":\"https:\/\/www.coalition-publi.ca\/wp-content\/uploads\/2025\/10\/partage.png\",\"width\":1200,\"height\":628,\"caption\":\"Coalition publica\"},\"image\":{\"@id\":\"https:\/\/www.coalition-publi.ca\/fr\/#\/schema\/logo\/image\/\"}},{\"@type\":\"Person\",\"@id\":\"https:\/\/www.coalition-publi.ca\/fr\/#\/schema\/person\/739a7a4d400d03997ab9bb26cab7c840\",\"name\":\"Catherine C\u00f4t\u00e9-Cyr\",\"image\":{\"@type\":\"ImageObject\",\"inLanguage\":\"fr-FR\",\"@id\":\"https:\/\/www.coalition-publi.ca\/fr\/#\/schema\/person\/image\/\",\"url\":\"https:\/\/secure.gravatar.com\/avatar\/716ba8847e56061bcecb1326a8cadca21d4b90aacedbcb3053f0dbafb718474b?s=96&d=mm&r=g\",\"contentUrl\":\"https:\/\/secure.gravatar.com\/avatar\/716ba8847e56061bcecb1326a8cadca21d4b90aacedbcb3053f0dbafb718474b?s=96&d=mm&r=g\",\"caption\":\"Catherine C\u00f4t\u00e9-Cyr\"},\"url\":\"https:\/\/www.coalition-publi.ca\/fr\/author\/c-cotecyr\/\"}]}<\/script>\n<!-- \/ Yoast SEO plugin. -->","yoast_head_json":{"title":"Rassembler la communaut\u00e9 et promouvoir le libre acc\u00e8s : le nouveau site web de Coalition Publica - Coalition publica","description":"Coalition Publica lance son nouveau site web et une identit\u00e9 visuelle renouvel\u00e9e qui refl\u00e8tent notre croissance et soutiendront notre mission pour les ann\u00e9es \u00e0 venir.","robots":{"index":"index","follow":"follow","max-snippet":"max-snippet:-1","max-image-preview":"max-image-preview:large","max-video-preview":"max-video-preview:-1"},"canonical":"https:\/\/www.coalition-publi.ca\/fr\/nouveau-site-web\/","og_locale":"fr_FR","og_type":"article","og_title":"Rassembler la communaut\u00e9 et promouvoir le libre acc\u00e8s : le nouveau site web de Coalition Publica","og_description":"Coalition Publica lance son nouveau site web et une identit\u00e9 visuelle renouvel\u00e9e qui refl\u00e8tent notre croissance et soutiendront notre mission pour les ann\u00e9es \u00e0 venir.","og_url":"https:\/\/www.coalition-publi.ca\/fr\/nouveau-site-web\/","og_site_name":"Coalition publica","article_published_time":"2026-03-11T20:54:53+00:00","article_modified_time":"2026-03-11T21:15:26+00:00","og_image":[{"width":2560,"height":1707,"url":"https:\/\/www.coalition-publi.ca\/wp-content\/uploads\/2026\/03\/CP_whats-new_2026_blog-scaled.jpg","type":"image\/jpeg"}],"author":"Catherine C\u00f4t\u00e9-Cyr","twitter_card":"summary_large_image","twitter_misc":{"\u00c9crit par":"Catherine C\u00f4t\u00e9-Cyr","Dur\u00e9e de lecture estim\u00e9e":"8 minutes"},"schema":{"@context":"https:\/\/schema.org","@graph":[{"@type":"Article","@id":"https:\/\/www.coalition-publi.ca\/fr\/nouveau-site-web\/#article","isPartOf":{"@id":"https:\/\/www.coalition-publi.ca\/fr\/nouveau-site-web\/"},"author":{"name":"Catherine C\u00f4t\u00e9-Cyr","@id":"https:\/\/www.coalition-publi.ca\/fr\/#\/schema\/person\/739a7a4d400d03997ab9bb26cab7c840"},"headline":"Rassembler la communaut\u00e9 et promouvoir le libre acc\u00e8s : le nouveau site web de Coalition Publica","datePublished":"2026-03-11T20:54:53+00:00","dateModified":"2026-03-11T21:15:26+00:00","mainEntityOfPage":{"@id":"https:\/\/www.coalition-publi.ca\/fr\/nouveau-site-web\/"},"wordCount":1526,"publisher":{"@id":"https:\/\/www.coalition-publi.ca\/fr\/#organization"},"image":{"@id":"https:\/\/www.coalition-publi.ca\/fr\/nouveau-site-web\/#primaryimage"},"thumbnailUrl":"https:\/\/www.coalition-publi.ca\/wp-content\/uploads\/2026\/03\/CP_whats-new_2026_blog-scaled.jpg","articleSection":["Annonces"],"inLanguage":"fr-FR"},{"@type":"WebPage","@id":"https:\/\/www.coalition-publi.ca\/fr\/nouveau-site-web\/","url":"https:\/\/www.coalition-publi.ca\/fr\/nouveau-site-web\/","name":"Rassembler la communaut\u00e9 et promouvoir le libre acc\u00e8s : le nouveau site web de Coalition Publica - Coalition publica","isPartOf":{"@id":"https:\/\/www.coalition-publi.ca\/fr\/#website"},"primaryImageOfPage":{"@id":"https:\/\/www.coalition-publi.ca\/fr\/nouveau-site-web\/#primaryimage"},"image":{"@id":"https:\/\/www.coalition-publi.ca\/fr\/nouveau-site-web\/#primaryimage"},"thumbnailUrl":"https:\/\/www.coalition-publi.ca\/wp-content\/uploads\/2026\/03\/CP_whats-new_2026_blog-scaled.jpg","datePublished":"2026-03-11T20:54:53+00:00","dateModified":"2026-03-11T21:15:26+00:00","description":"Coalition Publica lance son nouveau site web et une identit\u00e9 visuelle renouvel\u00e9e qui refl\u00e8tent notre croissance et soutiendront notre mission pour les ann\u00e9es \u00e0 venir.","breadcrumb":{"@id":"https:\/\/www.coalition-publi.ca\/fr\/nouveau-site-web\/#breadcrumb"},"inLanguage":"fr-FR","potentialAction":[{"@type":"ReadAction","target":["https:\/\/www.coalition-publi.ca\/fr\/nouveau-site-web\/"]}]},{"@type":"ImageObject","inLanguage":"fr-FR","@id":"https:\/\/www.coalition-publi.ca\/fr\/nouveau-site-web\/#primaryimage","url":"https:\/\/www.coalition-publi.ca\/wp-content\/uploads\/2026\/03\/CP_whats-new_2026_blog-scaled.jpg","contentUrl":"https:\/\/www.coalition-publi.ca\/wp-content\/uploads\/2026\/03\/CP_whats-new_2026_blog-scaled.jpg","width":2560,"height":1707},{"@type":"BreadcrumbList","@id":"https:\/\/www.coalition-publi.ca\/fr\/nouveau-site-web\/#breadcrumb","itemListElement":[{"@type":"ListItem","position":1,"name":"Accueil","item":"https:\/\/www.coalition-publi.ca\/fr\/"},{"@type":"ListItem","position":2,"name":"Rassembler la communaut\u00e9 et promouvoir le libre acc\u00e8s : le nouveau site web de Coalition Publica"}]},{"@type":"WebSite","@id":"https:\/\/www.coalition-publi.ca\/fr\/#website","url":"https:\/\/www.coalition-publi.ca\/fr\/","name":"Coalition publica","description":"Coalition publica","publisher":{"@id":"https:\/\/www.coalition-publi.ca\/fr\/#organization"},"potentialAction":[{"@type":"SearchAction","target":{"@type":"EntryPoint","urlTemplate":"https:\/\/www.coalition-publi.ca\/fr\/?s={search_term_string}"},"query-input":{"@type":"PropertyValueSpecification","valueRequired":true,"valueName":"search_term_string"}}],"inLanguage":"fr-FR"},{"@type":"Organization","@id":"https:\/\/www.coalition-publi.ca\/fr\/#organization","name":"Coalition publica","url":"https:\/\/www.coalition-publi.ca\/fr\/","logo":{"@type":"ImageObject","inLanguage":"fr-FR","@id":"https:\/\/www.coalition-publi.ca\/fr\/#\/schema\/logo\/image\/","url":"https:\/\/www.coalition-publi.ca\/wp-content\/uploads\/2025\/10\/partage.png","contentUrl":"https:\/\/www.coalition-publi.ca\/wp-content\/uploads\/2025\/10\/partage.png","width":1200,"height":628,"caption":"Coalition publica"},"image":{"@id":"https:\/\/www.coalition-publi.ca\/fr\/#\/schema\/logo\/image\/"}},{"@type":"Person","@id":"https:\/\/www.coalition-publi.ca\/fr\/#\/schema\/person\/739a7a4d400d03997ab9bb26cab7c840","name":"Catherine C\u00f4t\u00e9-Cyr","image":{"@type":"ImageObject","inLanguage":"fr-FR","@id":"https:\/\/www.coalition-publi.ca\/fr\/#\/schema\/person\/image\/","url":"https:\/\/secure.gravatar.com\/avatar\/716ba8847e56061bcecb1326a8cadca21d4b90aacedbcb3053f0dbafb718474b?s=96&d=mm&r=g","contentUrl":"https:\/\/secure.gravatar.com\/avatar\/716ba8847e56061bcecb1326a8cadca21d4b90aacedbcb3053f0dbafb718474b?s=96&d=mm&r=g","caption":"Catherine C\u00f4t\u00e9-Cyr"},"url":"https:\/\/www.coalition-publi.ca\/fr\/author\/c-cotecyr\/"}]}},"_links":{"self":[{"href":"https:\/\/www.coalition-publi.ca\/fr\/wp-json\/wp\/v2\/posts\/8555","targetHints":{"allow":["GET"]}}],"collection":[{"href":"https:\/\/www.coalition-publi.ca\/fr\/wp-json\/wp\/v2\/posts"}],"about":[{"href":"https:\/\/www.coalition-publi.ca\/fr\/wp-json\/wp\/v2\/types\/post"}],"author":[{"embeddable":true,"href":"https:\/\/www.coalition-publi.ca\/fr\/wp-json\/wp\/v2\/users\/4"}],"replies":[{"embeddable":true,"href":"https:\/\/www.coalition-publi.ca\/fr\/wp-json\/wp\/v2\/comments?post=8555"}],"version-history":[{"count":18,"href":"https:\/\/www.coalition-publi.ca\/fr\/wp-json\/wp\/v2\/posts\/8555\/revisions"}],"predecessor-version":[{"id":8587,"href":"https:\/\/www.coalition-publi.ca\/fr\/wp-json\/wp\/v2\/posts\/8555\/revisions\/8587"}],"wp:featuredmedia":[{"embeddable":true,"href":"https:\/\/www.coalition-publi.ca\/fr\/wp-json\/wp\/v2\/media\/8556"}],"wp:attachment":[{"href":"https:\/\/www.coalition-publi.ca\/fr\/wp-json\/wp\/v2\/media?parent=8555"}],"wp:term":[{"taxonomy":"category","embeddable":true,"href":"https:\/\/www.coalition-publi.ca\/fr\/wp-json\/wp\/v2\/categories?post=8555"},{"taxonomy":"post_tag","embeddable":true,"href":"https:\/\/www.coalition-publi.ca\/fr\/wp-json\/wp\/v2\/tags?post=8555"}],"curies":[{"name":"wp","href":"https:\/\/api.w.org\/{rel}","templated":true}]}}