{"id":8427,"date":"2026-03-10T14:30:04","date_gmt":"2026-03-10T14:30:04","guid":{"rendered":"https:\/\/www.coalition-publi.ca\/?p=8427"},"modified":"2026-03-10T19:18:56","modified_gmt":"2026-03-10T19:18:56","slug":"appel-bourses-recherche-2026","status":"publish","type":"post","link":"https:\/\/www.coalition-publi.ca\/fr\/appel-bourses-recherche-2026\/","title":{"rendered":"Bourses de recherche Coalition Publica &#8211; Appel \u00e0 candidatures 2026"},"content":{"rendered":"\n<p><strong>Vous explorez les donn\u00e9es massives (<em>big data<\/em>) \u00e0 l&#8217;aide de m\u00e9thodologies de recherche en humanit\u00e9s num\u00e9riques ? Vous vous int\u00e9ressez \u00e0 l&#8217;\u00e9dition savante et au libre acc\u00e8s ? Vous \u00eates \u00e9tudiant-chercheur ou \u00e9tudiante-chercheuse et souhaitez approfondir les dimensions sociales de la communication scientifique ? Soumettez votre candidature \u00e0 une bourse de recherche de Coalition Publica !<\/strong><\/p>\n\n\n\n<p>Coalition Publica est un projet d&#8217;infrastructure ouverte pour la diffusion de la recherche et la publication savante num\u00e9rique au Canada. Nous nous r\u00e9jouissons de soutenir des \u00e9tudiant\u00b7e\u00b7s \u00e0 la ma\u00eetrise et au doctorat dont les recherches reposent sur l&#8217;application des m\u00e9thodes des humanit\u00e9s num\u00e9riques au <a href=\"https:\/\/www.coalition-publi.ca\/fr\/pour-la-recherche\/#brxe-342039\">corpus de donn\u00e9es textuelles de Coalition Publica<\/a> ou l&#8217;\u00e9tude de l&#8217;\u00e9cosyst\u00e8me de la publication savante.<\/p>\n\n\n\n<p>Maintenant dans sa cinqui\u00e8me ann\u00e9e, ce programme a jusqu&#8217;\u00e0 pr\u00e9sent soutenu 27 \u00e9tudiant\u00b7e\u00b7s provenant de 13 universit\u00e9s canadiennes diff\u00e9rentes. D\u00e9couvrez la diversit\u00e9 des projets de recherche des <a href=\"https:\/\/www.coalition-publi.ca\/wp-content\/uploads\/2025\/12\/Recipiendaires-bourses-Coalition-Publica.pdf\" target=\"_blank\" rel=\"noreferrer noopener\">laur\u00e9at\u00b7e\u00b7s des ann\u00e9es pr\u00e9c\u00e9dentes<\/a> !<\/p>\n\n\n\n<h2 class=\"wp-block-heading\">Valeur des bourses<\/h2>\n\n\n\n<p>La valeur des bourses a augment\u00e9 depuis l&#8217;ann\u00e9e derni\u00e8re :<\/p>\n\n\n\n<ul class=\"wp-block-list\">\n<li>Ma\u00eetrise : 8 500$ (quatre bourses disponibles)<\/li>\n\n\n\n<li>Doctorat : 12 500$ (deux bourses disponibles)<\/li>\n<\/ul>\n\n\n\n<p>Ces bourses donnent lieu \u00e0 un paiement unique financ\u00e9 par le Conseil de recherches en sciences humaines du Canada dans le cadre de l&#8217;Initiative pancanadienne d&#8217;acc\u00e8s aux connaissances.<\/p>\n\n\n\n<h2 class=\"wp-block-heading\">Admissibilit\u00e9<\/h2>\n\n\n\n<p>Ce programme s\u2019adresse aux \u00e9tudiant\u00b7e\u00b7s \u00e0 la ma\u00eetrise et au doctorat inscrit\u00b7e\u00b7s dans une universit\u00e9 canadienne (\u00e9tablissement principal). Les ancien\u00b7ne\u00b7s r\u00e9cipiendaires des bourses de Coalition Publica ne peuvent pr\u00e9senter une nouvelle demande qu\u2019au niveau doctoral, si la bourse pr\u00e9c\u00e9dente \u00e9tait au niveau de la ma\u00eetrise.<\/p>\n\n\n\n<h2 class=\"wp-block-heading\">\u00c9quit\u00e9, diversit\u00e9 et inclusion<\/h2>\n\n\n\n<p>Coalition Publica s&#8217;engage \u00e0 respecter les <a href=\"https:\/\/www.nserc-crsng.gc.ca\/InterAgency-Interorganismes\/EDI-EDI\/index_fra.asp\" target=\"_blank\" rel=\"noreferrer noopener\">principes d&#8217;\u00e9quit\u00e9, de diversit\u00e9 et d&#8217;inclusion<\/a>. Les \u00e9tudiant\u00b7e\u00b7s issu\u00b7e\u00b7s de groupes historiquement sous-repr\u00e9sent\u00e9s sont encourag\u00e9\u00b7e\u00b7s \u00e0 soumettre leurs projets.<\/p>\n\n\n\n<h2 class=\"wp-block-heading\">Comment pr\u00e9senter sa candidature<\/h2>\n\n\n\n<p>Pour plus d\u2019information et d\u00e9poser une candidature, consultez les <a href=\"https:\/\/www.coalition-publi.ca\/fr\/pour-la-recherche\/#brxe-ff875f\">crit\u00e8res de s\u00e9lection sur notre site web<\/a>. Les candidatures peuvent \u00eatre soumises en fran\u00e7ais ou en anglais.<\/p>\n\n\n\n<p><strong>Date limite : 19 avril 2026 \u00e0 minuit (heure du Pacifique)<\/strong><\/p>\n\n\n\n<p>Les demandes de renseignements et les dossiers de candidature doivent \u00eatre envoy\u00e9s \u00e0 l\u2019adresse <a href=\"mailto:info@coalition-publi.ca\">info@coalition-publi.ca<\/a>.<\/p>\n","protected":false},"excerpt":{"rendered":"<p>Coalition Publica se r\u00e9jouit de soutenir des \u00e9tudiant\u00b7e\u00b7s \u00e0 la ma\u00eetrise et au doctorat dont les recherches reposent sur des m\u00e9thodes des humanit\u00e9s num\u00e9riques ou l&#8217;\u00e9tude de l&#8217;\u00e9cosyst\u00e8me de la publication savante.<\/p>\n","protected":false},"author":4,"featured_media":8429,"comment_status":"closed","ping_status":"closed","sticky":false,"template":"","format":"standard","meta":{"_acf_changed":false,"footnotes":""},"categories":[40,44],"tags":[],"class_list":["post-8427","post","type-post","status-publish","format-standard","has-post-thumbnail","hentry","category-annonces","category-bourses"],"acf":[],"yoast_head":"<!-- This site is optimized with the Yoast SEO plugin v26.9 - https:\/\/yoast.com\/product\/yoast-seo-wordpress\/ -->\n<title>Bourses de recherche Coalition Publica - Appel \u00e0 candidatures 2026 - Coalition publica<\/title>\n<meta name=\"description\" content=\"Coalition Publica se r\u00e9jouit d&#039;offrir des bourses de recherche aux \u00e9tudiant\u00b7e\u00b7s \u00e0 la ma\u00eetrise et au doctorat qui s&#039;int\u00e9ressent aux m\u00e9thodes des humanit\u00e9s num\u00e9riques ou l&#039;\u00e9tude de l&#039;\u00e9cosyst\u00e8me de la publication savante.\" \/>\n<meta name=\"robots\" content=\"index, follow, max-snippet:-1, max-image-preview:large, max-video-preview:-1\" \/>\n<link rel=\"canonical\" href=\"https:\/\/www.coalition-publi.ca\/fr\/appel-bourses-recherche-2026\/\" \/>\n<meta property=\"og:locale\" content=\"fr_FR\" \/>\n<meta property=\"og:type\" content=\"article\" \/>\n<meta property=\"og:title\" content=\"Appel \u00e0 candidatures : Bourses de recherche Coalition Publica 2026\" \/>\n<meta property=\"og:description\" content=\"Coalition Publica se r\u00e9jouit d&#039;offrir des bourses de recherche aux \u00e9tudiant\u00b7e\u00b7s \u00e0 la ma\u00eetrise et au doctorat qui s&#039;int\u00e9ressent aux m\u00e9thodes des humanit\u00e9s num\u00e9riques ou l&#039;\u00e9tude de l&#039;\u00e9cosyst\u00e8me de la publication savante.\" \/>\n<meta property=\"og:url\" content=\"https:\/\/www.coalition-publi.ca\/fr\/appel-bourses-recherche-2026\/\" \/>\n<meta property=\"og:site_name\" content=\"Coalition publica\" \/>\n<meta property=\"article:published_time\" content=\"2026-03-10T14:30:04+00:00\" \/>\n<meta property=\"article:modified_time\" content=\"2026-03-10T19:18:56+00:00\" \/>\n<meta property=\"og:image\" content=\"https:\/\/www.coalition-publi.ca\/wp-content\/uploads\/2026\/03\/CP_Bourse_Research_2026_Blog_FR-scaled.jpg\" \/>\n\t<meta property=\"og:image:width\" content=\"2560\" \/>\n\t<meta property=\"og:image:height\" content=\"1707\" \/>\n\t<meta property=\"og:image:type\" content=\"image\/jpeg\" \/>\n<meta name=\"author\" content=\"Catherine C\u00f4t\u00e9-Cyr\" \/>\n<meta name=\"twitter:card\" content=\"summary_large_image\" \/>\n<meta name=\"twitter:label1\" content=\"\u00c9crit par\" \/>\n\t<meta name=\"twitter:data1\" content=\"Catherine C\u00f4t\u00e9-Cyr\" \/>\n\t<meta name=\"twitter:label2\" content=\"Dur\u00e9e de lecture estim\u00e9e\" \/>\n\t<meta name=\"twitter:data2\" content=\"3 minutes\" \/>\n<script type=\"application\/ld+json\" class=\"yoast-schema-graph\">{\"@context\":\"https:\/\/schema.org\",\"@graph\":[{\"@type\":\"Article\",\"@id\":\"https:\/\/www.coalition-publi.ca\/fr\/appel-bourses-recherche-2026\/#article\",\"isPartOf\":{\"@id\":\"https:\/\/www.coalition-publi.ca\/fr\/appel-bourses-recherche-2026\/\"},\"author\":{\"name\":\"Catherine C\u00f4t\u00e9-Cyr\",\"@id\":\"https:\/\/www.coalition-publi.ca\/fr\/#\/schema\/person\/739a7a4d400d03997ab9bb26cab7c840\"},\"headline\":\"Bourses de recherche Coalition Publica &#8211; Appel \u00e0 candidatures 2026\",\"datePublished\":\"2026-03-10T14:30:04+00:00\",\"dateModified\":\"2026-03-10T19:18:56+00:00\",\"mainEntityOfPage\":{\"@id\":\"https:\/\/www.coalition-publi.ca\/fr\/appel-bourses-recherche-2026\/\"},\"wordCount\":393,\"publisher\":{\"@id\":\"https:\/\/www.coalition-publi.ca\/fr\/#organization\"},\"image\":{\"@id\":\"https:\/\/www.coalition-publi.ca\/fr\/appel-bourses-recherche-2026\/#primaryimage\"},\"thumbnailUrl\":\"https:\/\/www.coalition-publi.ca\/wp-content\/uploads\/2026\/03\/CP_Bourse_Research_2026_Blog_FR-scaled.jpg\",\"articleSection\":[\"Annonces\",\"Bourses\"],\"inLanguage\":\"fr-FR\"},{\"@type\":\"WebPage\",\"@id\":\"https:\/\/www.coalition-publi.ca\/fr\/appel-bourses-recherche-2026\/\",\"url\":\"https:\/\/www.coalition-publi.ca\/fr\/appel-bourses-recherche-2026\/\",\"name\":\"Bourses de recherche Coalition Publica - Appel \u00e0 candidatures 2026 - Coalition publica\",\"isPartOf\":{\"@id\":\"https:\/\/www.coalition-publi.ca\/fr\/#website\"},\"primaryImageOfPage\":{\"@id\":\"https:\/\/www.coalition-publi.ca\/fr\/appel-bourses-recherche-2026\/#primaryimage\"},\"image\":{\"@id\":\"https:\/\/www.coalition-publi.ca\/fr\/appel-bourses-recherche-2026\/#primaryimage\"},\"thumbnailUrl\":\"https:\/\/www.coalition-publi.ca\/wp-content\/uploads\/2026\/03\/CP_Bourse_Research_2026_Blog_FR-scaled.jpg\",\"datePublished\":\"2026-03-10T14:30:04+00:00\",\"dateModified\":\"2026-03-10T19:18:56+00:00\",\"description\":\"Coalition Publica se r\u00e9jouit d'offrir des bourses de recherche aux \u00e9tudiant\u00b7e\u00b7s \u00e0 la ma\u00eetrise et au doctorat qui s'int\u00e9ressent aux m\u00e9thodes des humanit\u00e9s num\u00e9riques ou l'\u00e9tude de l'\u00e9cosyst\u00e8me de la publication savante.\",\"breadcrumb\":{\"@id\":\"https:\/\/www.coalition-publi.ca\/fr\/appel-bourses-recherche-2026\/#breadcrumb\"},\"inLanguage\":\"fr-FR\",\"potentialAction\":[{\"@type\":\"ReadAction\",\"target\":[\"https:\/\/www.coalition-publi.ca\/fr\/appel-bourses-recherche-2026\/\"]}]},{\"@type\":\"ImageObject\",\"inLanguage\":\"fr-FR\",\"@id\":\"https:\/\/www.coalition-publi.ca\/fr\/appel-bourses-recherche-2026\/#primaryimage\",\"url\":\"https:\/\/www.coalition-publi.ca\/wp-content\/uploads\/2026\/03\/CP_Bourse_Research_2026_Blog_FR-scaled.jpg\",\"contentUrl\":\"https:\/\/www.coalition-publi.ca\/wp-content\/uploads\/2026\/03\/CP_Bourse_Research_2026_Blog_FR-scaled.jpg\",\"width\":2560,\"height\":1707},{\"@type\":\"BreadcrumbList\",\"@id\":\"https:\/\/www.coalition-publi.ca\/fr\/appel-bourses-recherche-2026\/#breadcrumb\",\"itemListElement\":[{\"@type\":\"ListItem\",\"position\":1,\"name\":\"Accueil\",\"item\":\"https:\/\/www.coalition-publi.ca\/fr\/\"},{\"@type\":\"ListItem\",\"position\":2,\"name\":\"Bourses de recherche Coalition Publica &#8211; Appel \u00e0 candidatures 2026\"}]},{\"@type\":\"WebSite\",\"@id\":\"https:\/\/www.coalition-publi.ca\/fr\/#website\",\"url\":\"https:\/\/www.coalition-publi.ca\/fr\/\",\"name\":\"Coalition publica\",\"description\":\"Coalition publica\",\"publisher\":{\"@id\":\"https:\/\/www.coalition-publi.ca\/fr\/#organization\"},\"potentialAction\":[{\"@type\":\"SearchAction\",\"target\":{\"@type\":\"EntryPoint\",\"urlTemplate\":\"https:\/\/www.coalition-publi.ca\/fr\/?s={search_term_string}\"},\"query-input\":{\"@type\":\"PropertyValueSpecification\",\"valueRequired\":true,\"valueName\":\"search_term_string\"}}],\"inLanguage\":\"fr-FR\"},{\"@type\":\"Organization\",\"@id\":\"https:\/\/www.coalition-publi.ca\/fr\/#organization\",\"name\":\"Coalition publica\",\"url\":\"https:\/\/www.coalition-publi.ca\/fr\/\",\"logo\":{\"@type\":\"ImageObject\",\"inLanguage\":\"fr-FR\",\"@id\":\"https:\/\/www.coalition-publi.ca\/fr\/#\/schema\/logo\/image\/\",\"url\":\"https:\/\/www.coalition-publi.ca\/wp-content\/uploads\/2025\/10\/partage.png\",\"contentUrl\":\"https:\/\/www.coalition-publi.ca\/wp-content\/uploads\/2025\/10\/partage.png\",\"width\":1200,\"height\":628,\"caption\":\"Coalition publica\"},\"image\":{\"@id\":\"https:\/\/www.coalition-publi.ca\/fr\/#\/schema\/logo\/image\/\"}},{\"@type\":\"Person\",\"@id\":\"https:\/\/www.coalition-publi.ca\/fr\/#\/schema\/person\/739a7a4d400d03997ab9bb26cab7c840\",\"name\":\"Catherine C\u00f4t\u00e9-Cyr\",\"image\":{\"@type\":\"ImageObject\",\"inLanguage\":\"fr-FR\",\"@id\":\"https:\/\/www.coalition-publi.ca\/fr\/#\/schema\/person\/image\/\",\"url\":\"https:\/\/secure.gravatar.com\/avatar\/716ba8847e56061bcecb1326a8cadca21d4b90aacedbcb3053f0dbafb718474b?s=96&d=mm&r=g\",\"contentUrl\":\"https:\/\/secure.gravatar.com\/avatar\/716ba8847e56061bcecb1326a8cadca21d4b90aacedbcb3053f0dbafb718474b?s=96&d=mm&r=g\",\"caption\":\"Catherine C\u00f4t\u00e9-Cyr\"},\"url\":\"https:\/\/www.coalition-publi.ca\/fr\/author\/c-cotecyr\/\"}]}<\/script>\n<!-- \/ Yoast SEO plugin. -->","yoast_head_json":{"title":"Bourses de recherche Coalition Publica - Appel \u00e0 candidatures 2026 - Coalition publica","description":"Coalition Publica se r\u00e9jouit d'offrir des bourses de recherche aux \u00e9tudiant\u00b7e\u00b7s \u00e0 la ma\u00eetrise et au doctorat qui s'int\u00e9ressent aux m\u00e9thodes des humanit\u00e9s num\u00e9riques ou l'\u00e9tude de l'\u00e9cosyst\u00e8me de la publication savante.","robots":{"index":"index","follow":"follow","max-snippet":"max-snippet:-1","max-image-preview":"max-image-preview:large","max-video-preview":"max-video-preview:-1"},"canonical":"https:\/\/www.coalition-publi.ca\/fr\/appel-bourses-recherche-2026\/","og_locale":"fr_FR","og_type":"article","og_title":"Appel \u00e0 candidatures : Bourses de recherche Coalition Publica 2026","og_description":"Coalition Publica se r\u00e9jouit d'offrir des bourses de recherche aux \u00e9tudiant\u00b7e\u00b7s \u00e0 la ma\u00eetrise et au doctorat qui s'int\u00e9ressent aux m\u00e9thodes des humanit\u00e9s num\u00e9riques ou l'\u00e9tude de l'\u00e9cosyst\u00e8me de la publication savante.","og_url":"https:\/\/www.coalition-publi.ca\/fr\/appel-bourses-recherche-2026\/","og_site_name":"Coalition publica","article_published_time":"2026-03-10T14:30:04+00:00","article_modified_time":"2026-03-10T19:18:56+00:00","og_image":[{"width":2560,"height":1707,"url":"https:\/\/www.coalition-publi.ca\/wp-content\/uploads\/2026\/03\/CP_Bourse_Research_2026_Blog_FR-scaled.jpg","type":"image\/jpeg"}],"author":"Catherine C\u00f4t\u00e9-Cyr","twitter_card":"summary_large_image","twitter_misc":{"\u00c9crit par":"Catherine C\u00f4t\u00e9-Cyr","Dur\u00e9e de lecture estim\u00e9e":"3 minutes"},"schema":{"@context":"https:\/\/schema.org","@graph":[{"@type":"Article","@id":"https:\/\/www.coalition-publi.ca\/fr\/appel-bourses-recherche-2026\/#article","isPartOf":{"@id":"https:\/\/www.coalition-publi.ca\/fr\/appel-bourses-recherche-2026\/"},"author":{"name":"Catherine C\u00f4t\u00e9-Cyr","@id":"https:\/\/www.coalition-publi.ca\/fr\/#\/schema\/person\/739a7a4d400d03997ab9bb26cab7c840"},"headline":"Bourses de recherche Coalition Publica &#8211; Appel \u00e0 candidatures 2026","datePublished":"2026-03-10T14:30:04+00:00","dateModified":"2026-03-10T19:18:56+00:00","mainEntityOfPage":{"@id":"https:\/\/www.coalition-publi.ca\/fr\/appel-bourses-recherche-2026\/"},"wordCount":393,"publisher":{"@id":"https:\/\/www.coalition-publi.ca\/fr\/#organization"},"image":{"@id":"https:\/\/www.coalition-publi.ca\/fr\/appel-bourses-recherche-2026\/#primaryimage"},"thumbnailUrl":"https:\/\/www.coalition-publi.ca\/wp-content\/uploads\/2026\/03\/CP_Bourse_Research_2026_Blog_FR-scaled.jpg","articleSection":["Annonces","Bourses"],"inLanguage":"fr-FR"},{"@type":"WebPage","@id":"https:\/\/www.coalition-publi.ca\/fr\/appel-bourses-recherche-2026\/","url":"https:\/\/www.coalition-publi.ca\/fr\/appel-bourses-recherche-2026\/","name":"Bourses de recherche Coalition Publica - Appel \u00e0 candidatures 2026 - Coalition publica","isPartOf":{"@id":"https:\/\/www.coalition-publi.ca\/fr\/#website"},"primaryImageOfPage":{"@id":"https:\/\/www.coalition-publi.ca\/fr\/appel-bourses-recherche-2026\/#primaryimage"},"image":{"@id":"https:\/\/www.coalition-publi.ca\/fr\/appel-bourses-recherche-2026\/#primaryimage"},"thumbnailUrl":"https:\/\/www.coalition-publi.ca\/wp-content\/uploads\/2026\/03\/CP_Bourse_Research_2026_Blog_FR-scaled.jpg","datePublished":"2026-03-10T14:30:04+00:00","dateModified":"2026-03-10T19:18:56+00:00","description":"Coalition Publica se r\u00e9jouit d'offrir des bourses de recherche aux \u00e9tudiant\u00b7e\u00b7s \u00e0 la ma\u00eetrise et au doctorat qui s'int\u00e9ressent aux m\u00e9thodes des humanit\u00e9s num\u00e9riques ou l'\u00e9tude de l'\u00e9cosyst\u00e8me de la publication savante.","breadcrumb":{"@id":"https:\/\/www.coalition-publi.ca\/fr\/appel-bourses-recherche-2026\/#breadcrumb"},"inLanguage":"fr-FR","potentialAction":[{"@type":"ReadAction","target":["https:\/\/www.coalition-publi.ca\/fr\/appel-bourses-recherche-2026\/"]}]},{"@type":"ImageObject","inLanguage":"fr-FR","@id":"https:\/\/www.coalition-publi.ca\/fr\/appel-bourses-recherche-2026\/#primaryimage","url":"https:\/\/www.coalition-publi.ca\/wp-content\/uploads\/2026\/03\/CP_Bourse_Research_2026_Blog_FR-scaled.jpg","contentUrl":"https:\/\/www.coalition-publi.ca\/wp-content\/uploads\/2026\/03\/CP_Bourse_Research_2026_Blog_FR-scaled.jpg","width":2560,"height":1707},{"@type":"BreadcrumbList","@id":"https:\/\/www.coalition-publi.ca\/fr\/appel-bourses-recherche-2026\/#breadcrumb","itemListElement":[{"@type":"ListItem","position":1,"name":"Accueil","item":"https:\/\/www.coalition-publi.ca\/fr\/"},{"@type":"ListItem","position":2,"name":"Bourses de recherche Coalition Publica &#8211; Appel \u00e0 candidatures 2026"}]},{"@type":"WebSite","@id":"https:\/\/www.coalition-publi.ca\/fr\/#website","url":"https:\/\/www.coalition-publi.ca\/fr\/","name":"Coalition publica","description":"Coalition publica","publisher":{"@id":"https:\/\/www.coalition-publi.ca\/fr\/#organization"},"potentialAction":[{"@type":"SearchAction","target":{"@type":"EntryPoint","urlTemplate":"https:\/\/www.coalition-publi.ca\/fr\/?s={search_term_string}"},"query-input":{"@type":"PropertyValueSpecification","valueRequired":true,"valueName":"search_term_string"}}],"inLanguage":"fr-FR"},{"@type":"Organization","@id":"https:\/\/www.coalition-publi.ca\/fr\/#organization","name":"Coalition publica","url":"https:\/\/www.coalition-publi.ca\/fr\/","logo":{"@type":"ImageObject","inLanguage":"fr-FR","@id":"https:\/\/www.coalition-publi.ca\/fr\/#\/schema\/logo\/image\/","url":"https:\/\/www.coalition-publi.ca\/wp-content\/uploads\/2025\/10\/partage.png","contentUrl":"https:\/\/www.coalition-publi.ca\/wp-content\/uploads\/2025\/10\/partage.png","width":1200,"height":628,"caption":"Coalition publica"},"image":{"@id":"https:\/\/www.coalition-publi.ca\/fr\/#\/schema\/logo\/image\/"}},{"@type":"Person","@id":"https:\/\/www.coalition-publi.ca\/fr\/#\/schema\/person\/739a7a4d400d03997ab9bb26cab7c840","name":"Catherine C\u00f4t\u00e9-Cyr","image":{"@type":"ImageObject","inLanguage":"fr-FR","@id":"https:\/\/www.coalition-publi.ca\/fr\/#\/schema\/person\/image\/","url":"https:\/\/secure.gravatar.com\/avatar\/716ba8847e56061bcecb1326a8cadca21d4b90aacedbcb3053f0dbafb718474b?s=96&d=mm&r=g","contentUrl":"https:\/\/secure.gravatar.com\/avatar\/716ba8847e56061bcecb1326a8cadca21d4b90aacedbcb3053f0dbafb718474b?s=96&d=mm&r=g","caption":"Catherine C\u00f4t\u00e9-Cyr"},"url":"https:\/\/www.coalition-publi.ca\/fr\/author\/c-cotecyr\/"}]}},"_links":{"self":[{"href":"https:\/\/www.coalition-publi.ca\/fr\/wp-json\/wp\/v2\/posts\/8427","targetHints":{"allow":["GET"]}}],"collection":[{"href":"https:\/\/www.coalition-publi.ca\/fr\/wp-json\/wp\/v2\/posts"}],"about":[{"href":"https:\/\/www.coalition-publi.ca\/fr\/wp-json\/wp\/v2\/types\/post"}],"author":[{"embeddable":true,"href":"https:\/\/www.coalition-publi.ca\/fr\/wp-json\/wp\/v2\/users\/4"}],"replies":[{"embeddable":true,"href":"https:\/\/www.coalition-publi.ca\/fr\/wp-json\/wp\/v2\/comments?post=8427"}],"version-history":[{"count":5,"href":"https:\/\/www.coalition-publi.ca\/fr\/wp-json\/wp\/v2\/posts\/8427\/revisions"}],"predecessor-version":[{"id":8506,"href":"https:\/\/www.coalition-publi.ca\/fr\/wp-json\/wp\/v2\/posts\/8427\/revisions\/8506"}],"wp:featuredmedia":[{"embeddable":true,"href":"https:\/\/www.coalition-publi.ca\/fr\/wp-json\/wp\/v2\/media\/8429"}],"wp:attachment":[{"href":"https:\/\/www.coalition-publi.ca\/fr\/wp-json\/wp\/v2\/media?parent=8427"}],"wp:term":[{"taxonomy":"category","embeddable":true,"href":"https:\/\/www.coalition-publi.ca\/fr\/wp-json\/wp\/v2\/categories?post=8427"},{"taxonomy":"post_tag","embeddable":true,"href":"https:\/\/www.coalition-publi.ca\/fr\/wp-json\/wp\/v2\/tags?post=8427"}],"curies":[{"name":"wp","href":"https:\/\/api.w.org\/{rel}","templated":true}]}}