{"id":6525,"date":"2024-04-18T06:00:00","date_gmt":"2024-04-18T06:00:00","guid":{"rendered":"https:\/\/www.coalition-publi.ca\/ameliorer-la-qualite-des-metadonnees\/"},"modified":"2026-03-10T19:20:15","modified_gmt":"2026-03-10T19:20:15","slug":"ameliorer-qualite-metadonnees","status":"publish","type":"post","link":"https:\/\/www.coalition-publi.ca\/fr\/ameliorer-qualite-metadonnees\/","title":{"rendered":"Am\u00e9liorer la qualit\u00e9 des m\u00e9tadonn\u00e9es"},"content":{"rendered":"\n<h4 class=\"wp-block-heading\"><strong>Coalition Publica travaille avec ses partenaires \u00e0 am\u00e9liorer la qualit\u00e9 des m\u00e9tadonn\u00e9es disponibles sur son infrastructure ouverte de publication et de diffusion num\u00e9riques de la recherche.<\/strong><\/h4>\n\n\n\n<p>L&#8217;identification pr\u00e9cise du contenu publi\u00e9 par les revues pour en am\u00e9liorer la d\u00e9couvrabilit\u00e9, l\u2019acc\u00e8s, la diffusion, la pr\u00e9servation et, tr\u00e8s probablement, l\u2019impact est un processus continu que nous conduisons en collaboration avec les revues elles-m\u00eames et les biblioth\u00e8ques. Coalition Publica se r\u00e9jouit donc d\u2019annoncer deux nouvelles concernant ses efforts en ce sens.  <\/p>\n\n\n\n<p>Notre <em><a href=\"https:\/\/www.erudit.org\/public\/documents\/Technical_Report_Coalition_Publica.pdf\" target=\"_blank\" rel=\"noreferrer noopener\">Report on Progress<\/a><\/em> (disponible en anglais uniquement) propose une vue d&#8217;ensemble du travail accompli par l&#8217;\u00e9quipe de Coalition Publica \u00e0 la suite des recommandations faites dans le rapport technique <em><a href=\"https:\/\/www.erudit.org\/public\/documents\/CP_Technical_Report.pdf\">Metadata Feedback for Coalition Publica<\/a><\/em> (en anglais). R\u00e9dig\u00e9 par le groupe de travail sur les m\u00e9tadonn\u00e9es de Coalition Publica, ce rapport technique recense des informations pr\u00e9cieuses sur les tendances \u00e9mergentes en mati\u00e8re de m\u00e9tadonn\u00e9es pour les publications savantes qui guideront le travail de Coalition Publica pour les ann\u00e9es \u00e0 venir. <\/p>\n\n\n\n<p>Nous avons par ailleurs publi\u00e9 une nouvelle version du guide <em><a href=\"https:\/\/www.erudit.org\/public\/guides\/ojs-metadata.pdf\">Pr\u00e9parer des m\u00e9tadonn\u00e9es de qualit\u00e9 dans OJS<\/a><\/em>. Cette publication, lanc\u00e9e en janvier et disponible en anglais et en fran\u00e7ais, vise \u00e0 clarifier les exigences d&#8217;\u00c9rudit et \u00e0 faciliter la compr\u00e9hension des meilleures pratiques permettant de fournir des m\u00e9tadonn\u00e9es de qualit\u00e9 dans OJS. Nous esp\u00e9rons qu&#8217;elle permettra aux revues Coalition Publica, en particulier les revues multilingues, de trouver plus facilement r\u00e9ponse \u00e0 leurs questions et d\u2019optimiser leur utilisation d\u2019OJS. <\/p>\n\n\n\n<p>Am\u00e9liorer la qualit\u00e9 des m\u00e9tadonn\u00e9es associ\u00e9es \u00e0 ses revues demeure une priorit\u00e9 pour le d\u00e9veloppement de l\u2019infrastructure nationale de publication et de diffusion num\u00e9riques de la recherche Coalition Publica.<\/p>\n\n\n\n<div class=\"wp-block-buttons is-horizontal is-content-justification-left is-layout-flex wp-container-core-buttons-is-layout-e4490844 wp-block-buttons-is-layout-flex\" style=\"border-style:none;border-width:0px;border-radius:0px;padding-top:0;padding-right:0;padding-bottom:0;padding-left:0\">\n<div class=\"wp-block-button\"><a class=\"wp-block-button__link has-background wp-element-button\" href=\"https:\/\/www.erudit.org\/public\/documents\/Technical_Report_Coalition_Publica.pdf\" style=\"background-color:#ff4242;padding-top:0;padding-bottom:0\" target=\"_blank\" rel=\"noreferrer noopener\">LIRE LE RAPPORT (EN ANGLAIS)<\/a><\/div>\n<\/div>\n","protected":false},"excerpt":{"rendered":"<p>Coalition Publica travaille avec ses partenaires \u00e0 am\u00e9liorer la qualit\u00e9 des m\u00e9tadonn\u00e9es disponibles sur son infrastructure ouverte de publication et de diffusion num\u00e9riques de la recherche.<\/p>\n","protected":false},"author":1,"featured_media":6523,"comment_status":"closed","ping_status":"closed","sticky":false,"template":"","format":"standard","meta":{"_acf_changed":false,"footnotes":""},"categories":[42,43,46],"tags":[],"class_list":["post-6525","post","type-post","status-publish","format-standard","has-post-thumbnail","hentry","category-actualites","category-humanites-numeriques","category-metadonnees"],"acf":[],"yoast_head":"<!-- This site is optimized with the Yoast SEO plugin v26.9 - https:\/\/yoast.com\/product\/yoast-seo-wordpress\/ -->\n<title>Am\u00e9liorer la qualit\u00e9 des m\u00e9tadonn\u00e9es - Coalition publica<\/title>\n<meta name=\"description\" content=\"Coalition Publica travaille \u00e0 am\u00e9liorer la qualit\u00e9 des m\u00e9tadonn\u00e9es disponibles sur son infrastructure de publication et de diffusion.\" \/>\n<meta name=\"robots\" content=\"index, follow, max-snippet:-1, max-image-preview:large, max-video-preview:-1\" \/>\n<link rel=\"canonical\" href=\"https:\/\/www.coalition-publi.ca\/fr\/ameliorer-qualite-metadonnees\/\" \/>\n<meta property=\"og:locale\" content=\"fr_FR\" \/>\n<meta property=\"og:type\" content=\"article\" \/>\n<meta property=\"og:title\" content=\"Am\u00e9liorer la qualit\u00e9 des m\u00e9tadonn\u00e9es\" \/>\n<meta property=\"og:description\" content=\"Coalition Publica travaille \u00e0 am\u00e9liorer la qualit\u00e9 des m\u00e9tadonn\u00e9es disponibles sur son infrastructure de publication et de diffusion.\" \/>\n<meta property=\"og:url\" content=\"https:\/\/www.coalition-publi.ca\/fr\/ameliorer-qualite-metadonnees\/\" \/>\n<meta property=\"og:site_name\" content=\"Coalition publica\" \/>\n<meta property=\"article:published_time\" content=\"2024-04-18T06:00:00+00:00\" \/>\n<meta property=\"article:modified_time\" content=\"2026-03-10T19:20:15+00:00\" \/>\n<meta property=\"og:image\" content=\"https:\/\/www.coalition-publi.ca\/wp-content\/uploads\/2025\/11\/CP_TechnicalReport.webp\" \/>\n\t<meta property=\"og:image:width\" content=\"2500\" \/>\n\t<meta property=\"og:image:height\" content=\"1250\" \/>\n\t<meta property=\"og:image:type\" content=\"image\/webp\" \/>\n<meta name=\"author\" content=\"admin\" \/>\n<meta name=\"twitter:card\" content=\"summary_large_image\" \/>\n<meta name=\"twitter:label1\" content=\"\u00c9crit par\" \/>\n\t<meta name=\"twitter:data1\" content=\"admin\" \/>\n\t<meta name=\"twitter:label2\" content=\"Dur\u00e9e de lecture estim\u00e9e\" \/>\n\t<meta name=\"twitter:data2\" content=\"2 minutes\" \/>\n<script type=\"application\/ld+json\" class=\"yoast-schema-graph\">{\"@context\":\"https:\/\/schema.org\",\"@graph\":[{\"@type\":\"Article\",\"@id\":\"https:\/\/www.coalition-publi.ca\/fr\/ameliorer-qualite-metadonnees\/#article\",\"isPartOf\":{\"@id\":\"https:\/\/www.coalition-publi.ca\/fr\/ameliorer-qualite-metadonnees\/\"},\"author\":{\"name\":\"admin\",\"@id\":\"https:\/\/www.coalition-publi.ca\/fr\/#\/schema\/person\/84c9c1559469244173a44b0a3d81b49b\"},\"headline\":\"Am\u00e9liorer la qualit\u00e9 des m\u00e9tadonn\u00e9es\",\"datePublished\":\"2024-04-18T06:00:00+00:00\",\"dateModified\":\"2026-03-10T19:20:15+00:00\",\"mainEntityOfPage\":{\"@id\":\"https:\/\/www.coalition-publi.ca\/fr\/ameliorer-qualite-metadonnees\/\"},\"wordCount\":319,\"publisher\":{\"@id\":\"https:\/\/www.coalition-publi.ca\/fr\/#organization\"},\"image\":{\"@id\":\"https:\/\/www.coalition-publi.ca\/fr\/ameliorer-qualite-metadonnees\/#primaryimage\"},\"thumbnailUrl\":\"https:\/\/www.coalition-publi.ca\/wp-content\/uploads\/2025\/11\/CP_TechnicalReport.webp\",\"articleSection\":[\"Actualit\u00e9s\",\"Humanit\u00e9s num\u00e9riques\",\"M\u00e9tadonn\u00e9es\"],\"inLanguage\":\"fr-FR\"},{\"@type\":\"WebPage\",\"@id\":\"https:\/\/www.coalition-publi.ca\/fr\/ameliorer-qualite-metadonnees\/\",\"url\":\"https:\/\/www.coalition-publi.ca\/fr\/ameliorer-qualite-metadonnees\/\",\"name\":\"Am\u00e9liorer la qualit\u00e9 des m\u00e9tadonn\u00e9es - Coalition publica\",\"isPartOf\":{\"@id\":\"https:\/\/www.coalition-publi.ca\/fr\/#website\"},\"primaryImageOfPage\":{\"@id\":\"https:\/\/www.coalition-publi.ca\/fr\/ameliorer-qualite-metadonnees\/#primaryimage\"},\"image\":{\"@id\":\"https:\/\/www.coalition-publi.ca\/fr\/ameliorer-qualite-metadonnees\/#primaryimage\"},\"thumbnailUrl\":\"https:\/\/www.coalition-publi.ca\/wp-content\/uploads\/2025\/11\/CP_TechnicalReport.webp\",\"datePublished\":\"2024-04-18T06:00:00+00:00\",\"dateModified\":\"2026-03-10T19:20:15+00:00\",\"description\":\"Coalition Publica travaille \u00e0 am\u00e9liorer la qualit\u00e9 des m\u00e9tadonn\u00e9es disponibles sur son infrastructure de publication et de diffusion.\",\"breadcrumb\":{\"@id\":\"https:\/\/www.coalition-publi.ca\/fr\/ameliorer-qualite-metadonnees\/#breadcrumb\"},\"inLanguage\":\"fr-FR\",\"potentialAction\":[{\"@type\":\"ReadAction\",\"target\":[\"https:\/\/www.coalition-publi.ca\/fr\/ameliorer-qualite-metadonnees\/\"]}]},{\"@type\":\"ImageObject\",\"inLanguage\":\"fr-FR\",\"@id\":\"https:\/\/www.coalition-publi.ca\/fr\/ameliorer-qualite-metadonnees\/#primaryimage\",\"url\":\"https:\/\/www.coalition-publi.ca\/wp-content\/uploads\/2025\/11\/CP_TechnicalReport.webp\",\"contentUrl\":\"https:\/\/www.coalition-publi.ca\/wp-content\/uploads\/2025\/11\/CP_TechnicalReport.webp\",\"width\":2500,\"height\":1250,\"caption\":\"Le rapport repose sur un fond blanc.\"},{\"@type\":\"BreadcrumbList\",\"@id\":\"https:\/\/www.coalition-publi.ca\/fr\/ameliorer-qualite-metadonnees\/#breadcrumb\",\"itemListElement\":[{\"@type\":\"ListItem\",\"position\":1,\"name\":\"Accueil\",\"item\":\"https:\/\/www.coalition-publi.ca\/fr\/\"},{\"@type\":\"ListItem\",\"position\":2,\"name\":\"Am\u00e9liorer la qualit\u00e9 des m\u00e9tadonn\u00e9es\"}]},{\"@type\":\"WebSite\",\"@id\":\"https:\/\/www.coalition-publi.ca\/fr\/#website\",\"url\":\"https:\/\/www.coalition-publi.ca\/fr\/\",\"name\":\"Coalition publica\",\"description\":\"Coalition publica\",\"publisher\":{\"@id\":\"https:\/\/www.coalition-publi.ca\/fr\/#organization\"},\"potentialAction\":[{\"@type\":\"SearchAction\",\"target\":{\"@type\":\"EntryPoint\",\"urlTemplate\":\"https:\/\/www.coalition-publi.ca\/fr\/?s={search_term_string}\"},\"query-input\":{\"@type\":\"PropertyValueSpecification\",\"valueRequired\":true,\"valueName\":\"search_term_string\"}}],\"inLanguage\":\"fr-FR\"},{\"@type\":\"Organization\",\"@id\":\"https:\/\/www.coalition-publi.ca\/fr\/#organization\",\"name\":\"Coalition publica\",\"url\":\"https:\/\/www.coalition-publi.ca\/fr\/\",\"logo\":{\"@type\":\"ImageObject\",\"inLanguage\":\"fr-FR\",\"@id\":\"https:\/\/www.coalition-publi.ca\/fr\/#\/schema\/logo\/image\/\",\"url\":\"https:\/\/www.coalition-publi.ca\/wp-content\/uploads\/2025\/10\/partage.png\",\"contentUrl\":\"https:\/\/www.coalition-publi.ca\/wp-content\/uploads\/2025\/10\/partage.png\",\"width\":1200,\"height\":628,\"caption\":\"Coalition publica\"},\"image\":{\"@id\":\"https:\/\/www.coalition-publi.ca\/fr\/#\/schema\/logo\/image\/\"}},{\"@type\":\"Person\",\"@id\":\"https:\/\/www.coalition-publi.ca\/fr\/#\/schema\/person\/84c9c1559469244173a44b0a3d81b49b\",\"name\":\"admin\",\"image\":{\"@type\":\"ImageObject\",\"inLanguage\":\"fr-FR\",\"@id\":\"https:\/\/www.coalition-publi.ca\/fr\/#\/schema\/person\/image\/\",\"url\":\"https:\/\/secure.gravatar.com\/avatar\/8dc103aa5012362d4b9fbfa164b0ad60699017a12a5d2e139ab8a9b49f91796d?s=96&d=mm&r=g\",\"contentUrl\":\"https:\/\/secure.gravatar.com\/avatar\/8dc103aa5012362d4b9fbfa164b0ad60699017a12a5d2e139ab8a9b49f91796d?s=96&d=mm&r=g\",\"caption\":\"admin\"},\"sameAs\":[\"https:\/\/www.coalition-publi.ca\"],\"url\":\"https:\/\/www.coalition-publi.ca\/fr\/author\/admin\/\"}]}<\/script>\n<!-- \/ Yoast SEO plugin. -->","yoast_head_json":{"title":"Am\u00e9liorer la qualit\u00e9 des m\u00e9tadonn\u00e9es - Coalition publica","description":"Coalition Publica travaille \u00e0 am\u00e9liorer la qualit\u00e9 des m\u00e9tadonn\u00e9es disponibles sur son infrastructure de publication et de diffusion.","robots":{"index":"index","follow":"follow","max-snippet":"max-snippet:-1","max-image-preview":"max-image-preview:large","max-video-preview":"max-video-preview:-1"},"canonical":"https:\/\/www.coalition-publi.ca\/fr\/ameliorer-qualite-metadonnees\/","og_locale":"fr_FR","og_type":"article","og_title":"Am\u00e9liorer la qualit\u00e9 des m\u00e9tadonn\u00e9es","og_description":"Coalition Publica travaille \u00e0 am\u00e9liorer la qualit\u00e9 des m\u00e9tadonn\u00e9es disponibles sur son infrastructure de publication et de diffusion.","og_url":"https:\/\/www.coalition-publi.ca\/fr\/ameliorer-qualite-metadonnees\/","og_site_name":"Coalition publica","article_published_time":"2024-04-18T06:00:00+00:00","article_modified_time":"2026-03-10T19:20:15+00:00","og_image":[{"width":2500,"height":1250,"url":"https:\/\/www.coalition-publi.ca\/wp-content\/uploads\/2025\/11\/CP_TechnicalReport.webp","type":"image\/webp"}],"author":"admin","twitter_card":"summary_large_image","twitter_misc":{"\u00c9crit par":"admin","Dur\u00e9e de lecture estim\u00e9e":"2 minutes"},"schema":{"@context":"https:\/\/schema.org","@graph":[{"@type":"Article","@id":"https:\/\/www.coalition-publi.ca\/fr\/ameliorer-qualite-metadonnees\/#article","isPartOf":{"@id":"https:\/\/www.coalition-publi.ca\/fr\/ameliorer-qualite-metadonnees\/"},"author":{"name":"admin","@id":"https:\/\/www.coalition-publi.ca\/fr\/#\/schema\/person\/84c9c1559469244173a44b0a3d81b49b"},"headline":"Am\u00e9liorer la qualit\u00e9 des m\u00e9tadonn\u00e9es","datePublished":"2024-04-18T06:00:00+00:00","dateModified":"2026-03-10T19:20:15+00:00","mainEntityOfPage":{"@id":"https:\/\/www.coalition-publi.ca\/fr\/ameliorer-qualite-metadonnees\/"},"wordCount":319,"publisher":{"@id":"https:\/\/www.coalition-publi.ca\/fr\/#organization"},"image":{"@id":"https:\/\/www.coalition-publi.ca\/fr\/ameliorer-qualite-metadonnees\/#primaryimage"},"thumbnailUrl":"https:\/\/www.coalition-publi.ca\/wp-content\/uploads\/2025\/11\/CP_TechnicalReport.webp","articleSection":["Actualit\u00e9s","Humanit\u00e9s num\u00e9riques","M\u00e9tadonn\u00e9es"],"inLanguage":"fr-FR"},{"@type":"WebPage","@id":"https:\/\/www.coalition-publi.ca\/fr\/ameliorer-qualite-metadonnees\/","url":"https:\/\/www.coalition-publi.ca\/fr\/ameliorer-qualite-metadonnees\/","name":"Am\u00e9liorer la qualit\u00e9 des m\u00e9tadonn\u00e9es - Coalition publica","isPartOf":{"@id":"https:\/\/www.coalition-publi.ca\/fr\/#website"},"primaryImageOfPage":{"@id":"https:\/\/www.coalition-publi.ca\/fr\/ameliorer-qualite-metadonnees\/#primaryimage"},"image":{"@id":"https:\/\/www.coalition-publi.ca\/fr\/ameliorer-qualite-metadonnees\/#primaryimage"},"thumbnailUrl":"https:\/\/www.coalition-publi.ca\/wp-content\/uploads\/2025\/11\/CP_TechnicalReport.webp","datePublished":"2024-04-18T06:00:00+00:00","dateModified":"2026-03-10T19:20:15+00:00","description":"Coalition Publica travaille \u00e0 am\u00e9liorer la qualit\u00e9 des m\u00e9tadonn\u00e9es disponibles sur son infrastructure de publication et de diffusion.","breadcrumb":{"@id":"https:\/\/www.coalition-publi.ca\/fr\/ameliorer-qualite-metadonnees\/#breadcrumb"},"inLanguage":"fr-FR","potentialAction":[{"@type":"ReadAction","target":["https:\/\/www.coalition-publi.ca\/fr\/ameliorer-qualite-metadonnees\/"]}]},{"@type":"ImageObject","inLanguage":"fr-FR","@id":"https:\/\/www.coalition-publi.ca\/fr\/ameliorer-qualite-metadonnees\/#primaryimage","url":"https:\/\/www.coalition-publi.ca\/wp-content\/uploads\/2025\/11\/CP_TechnicalReport.webp","contentUrl":"https:\/\/www.coalition-publi.ca\/wp-content\/uploads\/2025\/11\/CP_TechnicalReport.webp","width":2500,"height":1250,"caption":"Le rapport repose sur un fond blanc."},{"@type":"BreadcrumbList","@id":"https:\/\/www.coalition-publi.ca\/fr\/ameliorer-qualite-metadonnees\/#breadcrumb","itemListElement":[{"@type":"ListItem","position":1,"name":"Accueil","item":"https:\/\/www.coalition-publi.ca\/fr\/"},{"@type":"ListItem","position":2,"name":"Am\u00e9liorer la qualit\u00e9 des m\u00e9tadonn\u00e9es"}]},{"@type":"WebSite","@id":"https:\/\/www.coalition-publi.ca\/fr\/#website","url":"https:\/\/www.coalition-publi.ca\/fr\/","name":"Coalition publica","description":"Coalition publica","publisher":{"@id":"https:\/\/www.coalition-publi.ca\/fr\/#organization"},"potentialAction":[{"@type":"SearchAction","target":{"@type":"EntryPoint","urlTemplate":"https:\/\/www.coalition-publi.ca\/fr\/?s={search_term_string}"},"query-input":{"@type":"PropertyValueSpecification","valueRequired":true,"valueName":"search_term_string"}}],"inLanguage":"fr-FR"},{"@type":"Organization","@id":"https:\/\/www.coalition-publi.ca\/fr\/#organization","name":"Coalition publica","url":"https:\/\/www.coalition-publi.ca\/fr\/","logo":{"@type":"ImageObject","inLanguage":"fr-FR","@id":"https:\/\/www.coalition-publi.ca\/fr\/#\/schema\/logo\/image\/","url":"https:\/\/www.coalition-publi.ca\/wp-content\/uploads\/2025\/10\/partage.png","contentUrl":"https:\/\/www.coalition-publi.ca\/wp-content\/uploads\/2025\/10\/partage.png","width":1200,"height":628,"caption":"Coalition publica"},"image":{"@id":"https:\/\/www.coalition-publi.ca\/fr\/#\/schema\/logo\/image\/"}},{"@type":"Person","@id":"https:\/\/www.coalition-publi.ca\/fr\/#\/schema\/person\/84c9c1559469244173a44b0a3d81b49b","name":"admin","image":{"@type":"ImageObject","inLanguage":"fr-FR","@id":"https:\/\/www.coalition-publi.ca\/fr\/#\/schema\/person\/image\/","url":"https:\/\/secure.gravatar.com\/avatar\/8dc103aa5012362d4b9fbfa164b0ad60699017a12a5d2e139ab8a9b49f91796d?s=96&d=mm&r=g","contentUrl":"https:\/\/secure.gravatar.com\/avatar\/8dc103aa5012362d4b9fbfa164b0ad60699017a12a5d2e139ab8a9b49f91796d?s=96&d=mm&r=g","caption":"admin"},"sameAs":["https:\/\/www.coalition-publi.ca"],"url":"https:\/\/www.coalition-publi.ca\/fr\/author\/admin\/"}]}},"_links":{"self":[{"href":"https:\/\/www.coalition-publi.ca\/fr\/wp-json\/wp\/v2\/posts\/6525","targetHints":{"allow":["GET"]}}],"collection":[{"href":"https:\/\/www.coalition-publi.ca\/fr\/wp-json\/wp\/v2\/posts"}],"about":[{"href":"https:\/\/www.coalition-publi.ca\/fr\/wp-json\/wp\/v2\/types\/post"}],"author":[{"embeddable":true,"href":"https:\/\/www.coalition-publi.ca\/fr\/wp-json\/wp\/v2\/users\/1"}],"replies":[{"embeddable":true,"href":"https:\/\/www.coalition-publi.ca\/fr\/wp-json\/wp\/v2\/comments?post=6525"}],"version-history":[{"count":1,"href":"https:\/\/www.coalition-publi.ca\/fr\/wp-json\/wp\/v2\/posts\/6525\/revisions"}],"predecessor-version":[{"id":8223,"href":"https:\/\/www.coalition-publi.ca\/fr\/wp-json\/wp\/v2\/posts\/6525\/revisions\/8223"}],"wp:featuredmedia":[{"embeddable":true,"href":"https:\/\/www.coalition-publi.ca\/fr\/wp-json\/wp\/v2\/media\/6523"}],"wp:attachment":[{"href":"https:\/\/www.coalition-publi.ca\/fr\/wp-json\/wp\/v2\/media?parent=6525"}],"wp:term":[{"taxonomy":"category","embeddable":true,"href":"https:\/\/www.coalition-publi.ca\/fr\/wp-json\/wp\/v2\/categories?post=6525"},{"taxonomy":"post_tag","embeddable":true,"href":"https:\/\/www.coalition-publi.ca\/fr\/wp-json\/wp\/v2\/tags?post=6525"}],"curies":[{"name":"wp","href":"https:\/\/api.w.org\/{rel}","templated":true}]}}