{"id":6215,"date":"2021-06-28T09:26:32","date_gmt":"2021-06-28T09:26:32","guid":{"rendered":"https:\/\/www.coalition-publi.ca\/annonce-des-laureat%c2%b7es-des-bourses-2021\/"},"modified":"2025-12-02T21:08:08","modified_gmt":"2025-12-02T21:08:08","slug":"annonce-laureats-bourses-2021","status":"publish","type":"post","link":"https:\/\/www.coalition-publi.ca\/fr\/annonce-laureats-bourses-2021\/","title":{"rendered":"Annonce des laur\u00e9at\u00b7es des bourses 2021"},"content":{"rendered":"\n<p class=\"has-text-align-left\">Nous annoncions au d\u00e9but du printemps 2021 le lancement de la premi\u00e8re \u00e9dition du programme de bourses Coalition Publica, destin\u00e9 aux chercheur\u00b7e\u00b7s en d\u00e9but de carri\u00e8re et dont les recherches portent sur le syst\u00e8me de la communication savante et de la diffusion de la recherche ou qui appliquent des m\u00e9thodes relevant des humanit\u00e9s num\u00e9riques.<\/p>\n\n\n\n<p class=\"has-text-align-left\">Les projets propos\u00e9s ont \u00e9t\u00e9 \u00e9valu\u00e9s sur la base de la pertinence de leurs objets de recherche et de leur originalit\u00e9. Les bourses ont \u00e9t\u00e9 attribu\u00e9es dans le respect des principes d\u2019<a href=\"https:\/\/www.nserc-crsng.gc.ca\/NSERC-CRSNG\/EDI-EDI\/Resources_Ressources_fra.asp\">\u00e9quit\u00e9, diversit\u00e9 et inclusion<\/a>, et nous avons le plaisir de vous d\u00e9voiler aujourd\u2019hui la liste des neuf projets laur\u00e9ats <\/p>\n\n\n\n<hr class=\"wp-block-separator has-alpha-channel-opacity\"\/>\n\n\n\n<ul class=\"wp-block-list\">\n<li class=\"has-medium-font-size\"><strong>Digital humanities scholars and data curation: a qualitative study on praxis and motivations for data reuse<\/strong><\/li>\n<\/ul>\n\n\n\n<p>Lina Harper &#8211; Ma\u00eetrise \u00e8s arts, Universit\u00e9 d&#8217;Ottawa<\/p>\n\n\n\n<ul class=\"wp-block-list\">\n<li><strong>Being Lost During the Research Experience: Reorientation and the Effect on Cognitive Maps<\/strong><\/li>\n<\/ul>\n\n\n\n<p>Poppy Nicolette Riddle &#8211; Candidate \u00e0 la ma\u00eetrise, \u00c9cole de gestion de l&#8217;information de l&#8217;Universit\u00e9 Dalhousie<\/p>\n\n\n\n<ul class=\"wp-block-list\">\n<li><strong>Assessing Open Access scholarly communication practices of early and mid-career researchers in canada<\/strong><\/li>\n<\/ul>\n\n\n\n<p>Philips Ayeni &#8211; Candidat au doctorat, assistant de recherche, \u00c9cole des sciences de l&#8217;information de l\u2019Universit\u00e9 McGill <\/p>\n\n\n\n<ul class=\"wp-block-list\">\n<li><strong>A feminist analysis of power and privilege in health science and women&#8217;s studies journal publishing<\/strong><\/li>\n<\/ul>\n\n\n\n<p>Jamie Lundine &#8211; PhD Candidate, Institute of Feminist and Gender Studies, University of Ottawa<\/p>\n\n\n\n<ul class=\"wp-block-list\">\n<li><strong>The economics of open access publishing: research funding, article processing charges and the revenues of commercial scholarly publishers<\/strong><\/li>\n<\/ul>\n\n\n\n<p>Leigh-Ann Butler &#8211; Candidate au doctorat, Institut d&#8217;\u00e9tudes f\u00e9ministes et de genre de l\u2019Universit\u00e9 d&#8217;Ottawa<\/p>\n\n\n\n<ul class=\"wp-block-list\">\n<li><strong>Rapports sociaux de sexe et les in\u00e9galit\u00e9s de genre potentiellement induites par la pand\u00e9mie de COVID-19 &#8211; <strong>Temporary title<\/strong><\/strong><\/li>\n<\/ul>\n\n\n\n<p>Marie Lou Bechu &#8211; Future \u00e9tudiante au doctorat en sociologie, Universit\u00e9 de Montr\u00e9al. <\/p>\n\n\n\n<ul class=\"wp-block-list\">\n<li><strong>Histoires communicationnelles de la recherche \u00e0 propos des changements climatiques sur Twitter<\/strong><\/li>\n<\/ul>\n\n\n\n<p>R\u00e9mi Toupin &#8211; Candidat au doctorat en Science, technologie et soci\u00e9t\u00e9, Communication savante, Universit\u00e9 du Qu\u00e9bec \u00e0 Montr\u00e9al<\/p>\n\n\n\n<ul class=\"wp-block-list\">\n<li><strong>Visual representations of the Spanish Flu (1918-1919) in Canadian newspapers &#8211; Temporary title<\/strong><\/li>\n<\/ul>\n\n\n\n<p>Hanna Barnett &#8211; Doctorat en \u00e9tudes hispaniques, Western University <\/p>\n\n\n\n<ul class=\"wp-block-list\">\n<li><strong>How do we see language? The effects of media representation on Scottish Gaelic learners <\/strong><\/li>\n<\/ul>\n\n\n\n<p>Kendell Fitzgerald &#8211; Ma\u00eetrise en information, avec concentration en archives, Universit\u00e9 Dalhousie<\/p>\n","protected":false},"excerpt":{"rendered":"<p>D\u00e9couvrez les projets laur\u00e9ats des bourses Coalition Publica 2021!<\/p>\n","protected":false},"author":1,"featured_media":6214,"comment_status":"closed","ping_status":"closed","sticky":false,"template":"","format":"standard","meta":{"_acf_changed":false,"footnotes":""},"categories":[44,43],"tags":[],"class_list":["post-6215","post","type-post","status-publish","format-standard","has-post-thumbnail","hentry","category-bourses","category-humanites-numeriques"],"acf":[],"yoast_head":"<!-- This site is optimized with the Yoast SEO plugin v26.9 - https:\/\/yoast.com\/product\/yoast-seo-wordpress\/ -->\n<title>Annonce des laur\u00e9at\u00b7es des bourses 2021 - Coalition publica<\/title>\n<meta name=\"description\" content=\"Apprenez-en davantage au sujet des projets \u00e9tudiants laur\u00e9ats des bourses Coalition Publica pour l&#039;ann\u00e9e 2021 !\" \/>\n<meta name=\"robots\" content=\"index, follow, max-snippet:-1, max-image-preview:large, max-video-preview:-1\" \/>\n<link rel=\"canonical\" href=\"https:\/\/www.coalition-publi.ca\/fr\/annonce-laureats-bourses-2021\/\" \/>\n<meta property=\"og:locale\" content=\"fr_FR\" \/>\n<meta property=\"og:type\" content=\"article\" \/>\n<meta property=\"og:title\" content=\"Annonce des laur\u00e9at\u00b7es des bourses 2021\" \/>\n<meta property=\"og:description\" content=\"Apprenez-en davantage au sujet des projets \u00e9tudiants laur\u00e9ats des bourses Coalition Publica pour l&#039;ann\u00e9e 2021 !\" \/>\n<meta property=\"og:url\" content=\"https:\/\/www.coalition-publi.ca\/fr\/annonce-laureats-bourses-2021\/\" \/>\n<meta property=\"og:site_name\" content=\"Coalition publica\" \/>\n<meta property=\"article:published_time\" content=\"2021-06-28T09:26:32+00:00\" \/>\n<meta property=\"article:modified_time\" content=\"2025-12-02T21:08:08+00:00\" \/>\n<meta property=\"og:image\" content=\"https:\/\/www.cp.devnicely.com\/wp-content\/uploads\/2025\/09\/laureats2021.webp\" \/>\n\t<meta property=\"og:image:width\" content=\"1200\" \/>\n\t<meta property=\"og:image:height\" content=\"400\" \/>\n\t<meta property=\"og:image:type\" content=\"image\/webp\" \/>\n<meta name=\"author\" content=\"admin\" \/>\n<meta name=\"twitter:card\" content=\"summary_large_image\" \/>\n<meta name=\"twitter:label1\" content=\"\u00c9crit par\" \/>\n\t<meta name=\"twitter:data1\" content=\"admin\" \/>\n\t<meta name=\"twitter:label2\" content=\"Dur\u00e9e de lecture estim\u00e9e\" \/>\n\t<meta name=\"twitter:data2\" content=\"2 minutes\" \/>\n<script type=\"application\/ld+json\" class=\"yoast-schema-graph\">{\"@context\":\"https:\/\/schema.org\",\"@graph\":[{\"@type\":\"Article\",\"@id\":\"https:\/\/www.coalition-publi.ca\/fr\/annonce-laureats-bourses-2021\/#article\",\"isPartOf\":{\"@id\":\"https:\/\/www.coalition-publi.ca\/fr\/annonce-laureats-bourses-2021\/\"},\"author\":{\"name\":\"admin\",\"@id\":\"https:\/\/www.coalition-publi.ca\/fr\/#\/schema\/person\/84c9c1559469244173a44b0a3d81b49b\"},\"headline\":\"Annonce des laur\u00e9at\u00b7es des bourses 2021\",\"datePublished\":\"2021-06-28T09:26:32+00:00\",\"dateModified\":\"2025-12-02T21:08:08+00:00\",\"mainEntityOfPage\":{\"@id\":\"https:\/\/www.coalition-publi.ca\/fr\/annonce-laureats-bourses-2021\/\"},\"wordCount\":400,\"publisher\":{\"@id\":\"https:\/\/www.coalition-publi.ca\/fr\/#organization\"},\"image\":{\"@id\":\"https:\/\/www.coalition-publi.ca\/fr\/annonce-laureats-bourses-2021\/#primaryimage\"},\"thumbnailUrl\":\"https:\/\/www.coalition-publi.ca\/wp-content\/uploads\/2025\/09\/laureats2021.webp\",\"articleSection\":[\"Bourses\",\"Humanit\u00e9s num\u00e9riques\"],\"inLanguage\":\"fr-FR\"},{\"@type\":\"WebPage\",\"@id\":\"https:\/\/www.coalition-publi.ca\/fr\/annonce-laureats-bourses-2021\/\",\"url\":\"https:\/\/www.coalition-publi.ca\/fr\/annonce-laureats-bourses-2021\/\",\"name\":\"Annonce des laur\u00e9at\u00b7es des bourses 2021 - Coalition publica\",\"isPartOf\":{\"@id\":\"https:\/\/www.coalition-publi.ca\/fr\/#website\"},\"primaryImageOfPage\":{\"@id\":\"https:\/\/www.coalition-publi.ca\/fr\/annonce-laureats-bourses-2021\/#primaryimage\"},\"image\":{\"@id\":\"https:\/\/www.coalition-publi.ca\/fr\/annonce-laureats-bourses-2021\/#primaryimage\"},\"thumbnailUrl\":\"https:\/\/www.coalition-publi.ca\/wp-content\/uploads\/2025\/09\/laureats2021.webp\",\"datePublished\":\"2021-06-28T09:26:32+00:00\",\"dateModified\":\"2025-12-02T21:08:08+00:00\",\"description\":\"Apprenez-en davantage au sujet des projets \u00e9tudiants laur\u00e9ats des bourses Coalition Publica pour l'ann\u00e9e 2021 !\",\"breadcrumb\":{\"@id\":\"https:\/\/www.coalition-publi.ca\/fr\/annonce-laureats-bourses-2021\/#breadcrumb\"},\"inLanguage\":\"fr-FR\",\"potentialAction\":[{\"@type\":\"ReadAction\",\"target\":[\"https:\/\/www.coalition-publi.ca\/fr\/annonce-laureats-bourses-2021\/\"]}]},{\"@type\":\"ImageObject\",\"inLanguage\":\"fr-FR\",\"@id\":\"https:\/\/www.coalition-publi.ca\/fr\/annonce-laureats-bourses-2021\/#primaryimage\",\"url\":\"https:\/\/www.coalition-publi.ca\/wp-content\/uploads\/2025\/09\/laureats2021.webp\",\"contentUrl\":\"https:\/\/www.coalition-publi.ca\/wp-content\/uploads\/2025\/09\/laureats2021.webp\",\"width\":1200,\"height\":400},{\"@type\":\"BreadcrumbList\",\"@id\":\"https:\/\/www.coalition-publi.ca\/fr\/annonce-laureats-bourses-2021\/#breadcrumb\",\"itemListElement\":[{\"@type\":\"ListItem\",\"position\":1,\"name\":\"Accueil\",\"item\":\"https:\/\/www.coalition-publi.ca\/fr\/\"},{\"@type\":\"ListItem\",\"position\":2,\"name\":\"Annonce des laur\u00e9at\u00b7es des bourses 2021\"}]},{\"@type\":\"WebSite\",\"@id\":\"https:\/\/www.coalition-publi.ca\/fr\/#website\",\"url\":\"https:\/\/www.coalition-publi.ca\/fr\/\",\"name\":\"Coalition publica\",\"description\":\"Coalition publica\",\"publisher\":{\"@id\":\"https:\/\/www.coalition-publi.ca\/fr\/#organization\"},\"potentialAction\":[{\"@type\":\"SearchAction\",\"target\":{\"@type\":\"EntryPoint\",\"urlTemplate\":\"https:\/\/www.coalition-publi.ca\/fr\/?s={search_term_string}\"},\"query-input\":{\"@type\":\"PropertyValueSpecification\",\"valueRequired\":true,\"valueName\":\"search_term_string\"}}],\"inLanguage\":\"fr-FR\"},{\"@type\":\"Organization\",\"@id\":\"https:\/\/www.coalition-publi.ca\/fr\/#organization\",\"name\":\"Coalition publica\",\"url\":\"https:\/\/www.coalition-publi.ca\/fr\/\",\"logo\":{\"@type\":\"ImageObject\",\"inLanguage\":\"fr-FR\",\"@id\":\"https:\/\/www.coalition-publi.ca\/fr\/#\/schema\/logo\/image\/\",\"url\":\"https:\/\/www.coalition-publi.ca\/wp-content\/uploads\/2025\/10\/partage.png\",\"contentUrl\":\"https:\/\/www.coalition-publi.ca\/wp-content\/uploads\/2025\/10\/partage.png\",\"width\":1200,\"height\":628,\"caption\":\"Coalition publica\"},\"image\":{\"@id\":\"https:\/\/www.coalition-publi.ca\/fr\/#\/schema\/logo\/image\/\"}},{\"@type\":\"Person\",\"@id\":\"https:\/\/www.coalition-publi.ca\/fr\/#\/schema\/person\/84c9c1559469244173a44b0a3d81b49b\",\"name\":\"admin\",\"image\":{\"@type\":\"ImageObject\",\"inLanguage\":\"fr-FR\",\"@id\":\"https:\/\/www.coalition-publi.ca\/fr\/#\/schema\/person\/image\/\",\"url\":\"https:\/\/secure.gravatar.com\/avatar\/8dc103aa5012362d4b9fbfa164b0ad60699017a12a5d2e139ab8a9b49f91796d?s=96&d=mm&r=g\",\"contentUrl\":\"https:\/\/secure.gravatar.com\/avatar\/8dc103aa5012362d4b9fbfa164b0ad60699017a12a5d2e139ab8a9b49f91796d?s=96&d=mm&r=g\",\"caption\":\"admin\"},\"sameAs\":[\"https:\/\/www.coalition-publi.ca\"],\"url\":\"https:\/\/www.coalition-publi.ca\/fr\/author\/admin\/\"}]}<\/script>\n<!-- \/ Yoast SEO plugin. -->","yoast_head_json":{"title":"Annonce des laur\u00e9at\u00b7es des bourses 2021 - Coalition publica","description":"Apprenez-en davantage au sujet des projets \u00e9tudiants laur\u00e9ats des bourses Coalition Publica pour l'ann\u00e9e 2021 !","robots":{"index":"index","follow":"follow","max-snippet":"max-snippet:-1","max-image-preview":"max-image-preview:large","max-video-preview":"max-video-preview:-1"},"canonical":"https:\/\/www.coalition-publi.ca\/fr\/annonce-laureats-bourses-2021\/","og_locale":"fr_FR","og_type":"article","og_title":"Annonce des laur\u00e9at\u00b7es des bourses 2021","og_description":"Apprenez-en davantage au sujet des projets \u00e9tudiants laur\u00e9ats des bourses Coalition Publica pour l'ann\u00e9e 2021 !","og_url":"https:\/\/www.coalition-publi.ca\/fr\/annonce-laureats-bourses-2021\/","og_site_name":"Coalition publica","article_published_time":"2021-06-28T09:26:32+00:00","article_modified_time":"2025-12-02T21:08:08+00:00","og_image":[{"width":1200,"height":400,"url":"https:\/\/www.cp.devnicely.com\/wp-content\/uploads\/2025\/09\/laureats2021.webp","type":"image\/webp"}],"author":"admin","twitter_card":"summary_large_image","twitter_misc":{"\u00c9crit par":"admin","Dur\u00e9e de lecture estim\u00e9e":"2 minutes"},"schema":{"@context":"https:\/\/schema.org","@graph":[{"@type":"Article","@id":"https:\/\/www.coalition-publi.ca\/fr\/annonce-laureats-bourses-2021\/#article","isPartOf":{"@id":"https:\/\/www.coalition-publi.ca\/fr\/annonce-laureats-bourses-2021\/"},"author":{"name":"admin","@id":"https:\/\/www.coalition-publi.ca\/fr\/#\/schema\/person\/84c9c1559469244173a44b0a3d81b49b"},"headline":"Annonce des laur\u00e9at\u00b7es des bourses 2021","datePublished":"2021-06-28T09:26:32+00:00","dateModified":"2025-12-02T21:08:08+00:00","mainEntityOfPage":{"@id":"https:\/\/www.coalition-publi.ca\/fr\/annonce-laureats-bourses-2021\/"},"wordCount":400,"publisher":{"@id":"https:\/\/www.coalition-publi.ca\/fr\/#organization"},"image":{"@id":"https:\/\/www.coalition-publi.ca\/fr\/annonce-laureats-bourses-2021\/#primaryimage"},"thumbnailUrl":"https:\/\/www.coalition-publi.ca\/wp-content\/uploads\/2025\/09\/laureats2021.webp","articleSection":["Bourses","Humanit\u00e9s num\u00e9riques"],"inLanguage":"fr-FR"},{"@type":"WebPage","@id":"https:\/\/www.coalition-publi.ca\/fr\/annonce-laureats-bourses-2021\/","url":"https:\/\/www.coalition-publi.ca\/fr\/annonce-laureats-bourses-2021\/","name":"Annonce des laur\u00e9at\u00b7es des bourses 2021 - Coalition publica","isPartOf":{"@id":"https:\/\/www.coalition-publi.ca\/fr\/#website"},"primaryImageOfPage":{"@id":"https:\/\/www.coalition-publi.ca\/fr\/annonce-laureats-bourses-2021\/#primaryimage"},"image":{"@id":"https:\/\/www.coalition-publi.ca\/fr\/annonce-laureats-bourses-2021\/#primaryimage"},"thumbnailUrl":"https:\/\/www.coalition-publi.ca\/wp-content\/uploads\/2025\/09\/laureats2021.webp","datePublished":"2021-06-28T09:26:32+00:00","dateModified":"2025-12-02T21:08:08+00:00","description":"Apprenez-en davantage au sujet des projets \u00e9tudiants laur\u00e9ats des bourses Coalition Publica pour l'ann\u00e9e 2021 !","breadcrumb":{"@id":"https:\/\/www.coalition-publi.ca\/fr\/annonce-laureats-bourses-2021\/#breadcrumb"},"inLanguage":"fr-FR","potentialAction":[{"@type":"ReadAction","target":["https:\/\/www.coalition-publi.ca\/fr\/annonce-laureats-bourses-2021\/"]}]},{"@type":"ImageObject","inLanguage":"fr-FR","@id":"https:\/\/www.coalition-publi.ca\/fr\/annonce-laureats-bourses-2021\/#primaryimage","url":"https:\/\/www.coalition-publi.ca\/wp-content\/uploads\/2025\/09\/laureats2021.webp","contentUrl":"https:\/\/www.coalition-publi.ca\/wp-content\/uploads\/2025\/09\/laureats2021.webp","width":1200,"height":400},{"@type":"BreadcrumbList","@id":"https:\/\/www.coalition-publi.ca\/fr\/annonce-laureats-bourses-2021\/#breadcrumb","itemListElement":[{"@type":"ListItem","position":1,"name":"Accueil","item":"https:\/\/www.coalition-publi.ca\/fr\/"},{"@type":"ListItem","position":2,"name":"Annonce des laur\u00e9at\u00b7es des bourses 2021"}]},{"@type":"WebSite","@id":"https:\/\/www.coalition-publi.ca\/fr\/#website","url":"https:\/\/www.coalition-publi.ca\/fr\/","name":"Coalition publica","description":"Coalition publica","publisher":{"@id":"https:\/\/www.coalition-publi.ca\/fr\/#organization"},"potentialAction":[{"@type":"SearchAction","target":{"@type":"EntryPoint","urlTemplate":"https:\/\/www.coalition-publi.ca\/fr\/?s={search_term_string}"},"query-input":{"@type":"PropertyValueSpecification","valueRequired":true,"valueName":"search_term_string"}}],"inLanguage":"fr-FR"},{"@type":"Organization","@id":"https:\/\/www.coalition-publi.ca\/fr\/#organization","name":"Coalition publica","url":"https:\/\/www.coalition-publi.ca\/fr\/","logo":{"@type":"ImageObject","inLanguage":"fr-FR","@id":"https:\/\/www.coalition-publi.ca\/fr\/#\/schema\/logo\/image\/","url":"https:\/\/www.coalition-publi.ca\/wp-content\/uploads\/2025\/10\/partage.png","contentUrl":"https:\/\/www.coalition-publi.ca\/wp-content\/uploads\/2025\/10\/partage.png","width":1200,"height":628,"caption":"Coalition publica"},"image":{"@id":"https:\/\/www.coalition-publi.ca\/fr\/#\/schema\/logo\/image\/"}},{"@type":"Person","@id":"https:\/\/www.coalition-publi.ca\/fr\/#\/schema\/person\/84c9c1559469244173a44b0a3d81b49b","name":"admin","image":{"@type":"ImageObject","inLanguage":"fr-FR","@id":"https:\/\/www.coalition-publi.ca\/fr\/#\/schema\/person\/image\/","url":"https:\/\/secure.gravatar.com\/avatar\/8dc103aa5012362d4b9fbfa164b0ad60699017a12a5d2e139ab8a9b49f91796d?s=96&d=mm&r=g","contentUrl":"https:\/\/secure.gravatar.com\/avatar\/8dc103aa5012362d4b9fbfa164b0ad60699017a12a5d2e139ab8a9b49f91796d?s=96&d=mm&r=g","caption":"admin"},"sameAs":["https:\/\/www.coalition-publi.ca"],"url":"https:\/\/www.coalition-publi.ca\/fr\/author\/admin\/"}]}},"_links":{"self":[{"href":"https:\/\/www.coalition-publi.ca\/fr\/wp-json\/wp\/v2\/posts\/6215","targetHints":{"allow":["GET"]}}],"collection":[{"href":"https:\/\/www.coalition-publi.ca\/fr\/wp-json\/wp\/v2\/posts"}],"about":[{"href":"https:\/\/www.coalition-publi.ca\/fr\/wp-json\/wp\/v2\/types\/post"}],"author":[{"embeddable":true,"href":"https:\/\/www.coalition-publi.ca\/fr\/wp-json\/wp\/v2\/users\/1"}],"replies":[{"embeddable":true,"href":"https:\/\/www.coalition-publi.ca\/fr\/wp-json\/wp\/v2\/comments?post=6215"}],"version-history":[{"count":0,"href":"https:\/\/www.coalition-publi.ca\/fr\/wp-json\/wp\/v2\/posts\/6215\/revisions"}],"wp:featuredmedia":[{"embeddable":true,"href":"https:\/\/www.coalition-publi.ca\/fr\/wp-json\/wp\/v2\/media\/6214"}],"wp:attachment":[{"href":"https:\/\/www.coalition-publi.ca\/fr\/wp-json\/wp\/v2\/media?parent=6215"}],"wp:term":[{"taxonomy":"category","embeddable":true,"href":"https:\/\/www.coalition-publi.ca\/fr\/wp-json\/wp\/v2\/categories?post=6215"},{"taxonomy":"post_tag","embeddable":true,"href":"https:\/\/www.coalition-publi.ca\/fr\/wp-json\/wp\/v2\/tags?post=6215"}],"curies":[{"name":"wp","href":"https:\/\/api.w.org\/{rel}","templated":true}]}}